{"id":74939,"date":"2020-06-17T19:40:43","date_gmt":"2020-06-18T00:40:43","guid":{"rendered":"http:\/\/elinformanteperu.com\/?p=74939"},"modified":"2020-06-17T20:51:47","modified_gmt":"2020-06-18T01:51:47","slug":"fatima-saldonid-confirma-que-vencio-al-covid-19","status":"publish","type":"post","link":"https:\/\/elinformanteperu.com\/index.php\/2020\/06\/17\/fatima-saldonid-confirma-que-vencio-al-covid-19\/","title":{"rendered":"F\u00e1tima Saldonid confirma que venci\u00f3 al covid-19"},"content":{"rendered":"<p><strong><span style=\"color: #000000;\">Conductora regresar\u00e1 en dos semanas a la conducci\u00f3n de \u00abAprendo en casa\u00bb.<\/span><\/strong><\/p>\n<p><span style=\"color: #000000;\"><strong>Lima, 17 Junio 2020, (ANDINA).-<\/strong> La conductora de televisi\u00f3n, F\u00e1tima Saldonid venci\u00f3 al covid-19 y hoy ya se encuentra recuperada de esta enfermedad. Sin embargo, permanecer\u00e1 por dos semanas m\u00e1s alejada de los sets de TV como medida preventiva y con el objetivo de fortalecer su sistema inmunol\u00f3gico.<\/span><\/p>\n<p><span style=\"color: #000000;\">La periodista de TV Per\u00fa y reconocida gestora cultural cont\u00f3 que al conocer el diagn\u00f3stico \u00abme dej\u00f3 fr\u00eda\u00bb, sin embargo, lejos de quebrarse, F\u00e1tima pidi\u00f3 ayuda m\u00e9dica, \u00abdespu\u00e9s que pas\u00f3 la primera impresi\u00f3n lo mejor es ir al m\u00e9dico, no seguir los consejos de los amigos o la vecina. Esta enfermedad se manifiesta de diferentes formas y cada persona debe recibir un tratamiento de acuerdo a su edad o sus antecedentes m\u00e9dicos\u00bb.<\/span><\/p>\n<p><span style=\"color: #000000;\">\u00abTambi\u00e9n es fundamental mantener arriba el \u00e1nimo, ya que el sistema inmunol\u00f3gico juega un papel importante para poder salir airoso de este trance\u00bb, sostuvo la figura de TV Per\u00fa en entrevista con Enrique Ch\u00e1vez, conductor de \u00abCara a Cara\u00bb.<\/span><\/p>\n<p><strong><span style=\"color: #000000;\">No a la automedicaci\u00f3n<\/span><\/strong><\/p>\n<p><span style=\"color: #000000;\">La conductora coment\u00f3 que su caso fue, afortunadamente leve, pero fue enf\u00e1tica en se\u00f1alar que no es lo m\u00e1s recomendable la automedicaci\u00f3n ni compartir recetas que se vean en redes sociales.<\/span><\/p>\n<p><span style=\"color: #000000;\">F\u00e1tima revel\u00f3 que el virus estuvo 21 d\u00edas conviviendo con el virus, pero hoy ya se encuentra totalmente libre de \u00e9l; sin embargo asegur\u00f3 que por medida preventiva permanecer\u00e1 dos semanas m\u00e1s en su domicilio con el fin de una total recuperaci\u00f3n.<\/span><\/p>\n<p><span style=\"color: #000000;\">La animadora fue enf\u00e1tica en resaltar que es indispensable mantener la higiene de manos, el uso de mascarillas y el distanciamiento social para mantener a raya esta peligrosa enfermedad.<\/span><\/p>\n<p><strong><span style=\"color: #000000;\">Llegando a los hogares<\/span><\/strong><\/p>\n<p><span style=\"color: #000000;\">La animadora, quien se inici\u00f3 en los contenidos infantiles a\u00f1os atr\u00e1s, hoy se ha convertida en la figura del programa de educaci\u00f3n virtual \u00abAprendo en Casa\u00bb, donde es el hilo conductor de contenidos para los m\u00e1s peque\u00f1os de la casa.<\/span><\/p>\n<p><span style=\"color: #000000;\">Esto la ha llevado a llegar a millones de hogares, donde su voz e imagen la ha convertido en una integrante m\u00e1s de la familia peruana.<\/span><\/p>\n<p><span style=\"color: #000000;\">Para F\u00e1tima esta experiencia en pantalla \u201cha llegado de sorpresa, pero tambi\u00e9n ha llegado para darnos lecciones\u201d.<\/span><\/p>\n<p><span style=\"color: #000000;\">Recordemos que Saldonid ha tenido un paso productivo en diversas \u00e1reas de la TV, no solo como conductora de espacios infantiles, sino en el \u00e1rea de noticias como conductora y entrevistadora. Es muy recordado su encuentro con el Papa Francisco, a quien acompa\u00f1\u00f3 en su gira en algunos pa\u00edses del orbe.<\/span><\/p>\n<p><img fetchpriority=\"high\" decoding=\"async\" class=\"aligncenter size-full wp-image-74941\" src=\"http:\/\/elinformanteperu.com\/wp-content\/uploads\/2020\/06\/F\u00e1tima-Saldonid1.jpg\" alt=\"\" width=\"739\" height=\"414\" srcset=\"https:\/\/elinformanteperu.com\/wp-content\/uploads\/2020\/06\/F\u00e1tima-Saldonid1.jpg 739w, https:\/\/elinformanteperu.com\/wp-content\/uploads\/2020\/06\/F\u00e1tima-Saldonid1-300x168.jpg 300w\" sizes=\"(max-width: 739px) 100vw, 739px\" \/><\/p>\n","protected":false},"excerpt":{"rendered":"<p>Conductora regresar\u00e1 en dos semanas a la conducci\u00f3n de \u00abAprendo en casa\u00bb. Lima, 17 Junio 2020, (ANDINA).- La conductora de televisi\u00f3n, F\u00e1tima Saldonid venci\u00f3 al covid-19 y hoy ya se encuentra recuperada de esta enfermedad. Sin embargo, permanecer\u00e1 por dos semanas m\u00e1s alejada de los sets de TV como medida preventiva y con el objetivo [&hellip;]<\/p>\n","protected":false},"author":1,"featured_media":74940,"comment_status":"open","ping_status":"open","sticky":false,"template":"","format":"standard","meta":{"rop_custom_images_group":[],"rop_custom_messages_group":[],"rop_publish_now":"initial","rop_publish_now_accounts":[],"rop_publish_now_history":[],"rop_publish_now_status":"pending","footnotes":""},"categories":[70],"tags":[5833,265],"class_list":["post-74939","post","type-post","status-publish","format-standard","has-post-thumbnail","hentry","category-farandula","tag-fatima-saldonid","tag-tv-peru"],"_links":{"self":[{"href":"https:\/\/elinformanteperu.com\/index.php\/wp-json\/wp\/v2\/posts\/74939","targetHints":{"allow":["GET"]}}],"collection":[{"href":"https:\/\/elinformanteperu.com\/index.php\/wp-json\/wp\/v2\/posts"}],"about":[{"href":"https:\/\/elinformanteperu.com\/index.php\/wp-json\/wp\/v2\/types\/post"}],"author":[{"embeddable":true,"href":"https:\/\/elinformanteperu.com\/index.php\/wp-json\/wp\/v2\/users\/1"}],"replies":[{"embeddable":true,"href":"https:\/\/elinformanteperu.com\/index.php\/wp-json\/wp\/v2\/comments?post=74939"}],"version-history":[{"count":2,"href":"https:\/\/elinformanteperu.com\/index.php\/wp-json\/wp\/v2\/posts\/74939\/revisions"}],"predecessor-version":[{"id":74966,"href":"https:\/\/elinformanteperu.com\/index.php\/wp-json\/wp\/v2\/posts\/74939\/revisions\/74966"}],"wp:featuredmedia":[{"embeddable":true,"href":"https:\/\/elinformanteperu.com\/index.php\/wp-json\/wp\/v2\/media\/74940"}],"wp:attachment":[{"href":"https:\/\/elinformanteperu.com\/index.php\/wp-json\/wp\/v2\/media?parent=74939"}],"wp:term":[{"taxonomy":"category","embeddable":true,"href":"https:\/\/elinformanteperu.com\/index.php\/wp-json\/wp\/v2\/categories?post=74939"},{"taxonomy":"post_tag","embeddable":true,"href":"https:\/\/elinformanteperu.com\/index.php\/wp-json\/wp\/v2\/tags?post=74939"}],"curies":[{"name":"wp","href":"https:\/\/api.w.org\/{rel}","templated":true}]}}