{"id":7493,"date":"2017-03-28T18:45:38","date_gmt":"2017-03-28T23:45:38","guid":{"rendered":"http:\/\/elinformanteperu.com\/?p=7493"},"modified":"2017-03-28T18:45:38","modified_gmt":"2017-03-28T23:45:38","slug":"gianella-neyra-se-sube-a-las-tablas-con-el-curioso-incidente-del-perro-a-media-noche","status":"publish","type":"post","link":"https:\/\/elinformanteperu.com\/index.php\/2017\/03\/28\/gianella-neyra-se-sube-a-las-tablas-con-el-curioso-incidente-del-perro-a-media-noche\/","title":{"rendered":"Gianella Neyra se sube a las tablas con \u201cEl curioso incidente del perro a media noche\u201d"},"content":{"rendered":"<p><strong>Gianella Neyra, Sof\u00eda Rocha, Christian Ysla, Gustavo Mayer\u00a0y Emanuel Soriano, asumen la puesta en escena \u201cEl curioso incidente del perro a media noche\u201d.<\/strong><\/p>\n<p><strong>Lima, 28 Marzo 2017, (ANDINA).-<\/strong> Emanuel Soriano, Gianella Neyra, Fiorella De Ferrari, Gonzalo Molina, Sof\u00eda Rocha, Christian Ysla, Grapa Paola, Gustavo Mayer, Oscar Meza y Ana\u00ed Padilla asumen la puesta en escena \u201cEl curioso incidente del perro a media noche\u201d, que se estrena este dos de abril.<\/p>\n<p>Esta conmovedora puesta en escena nos narra la historia de Crist\u00f3bal, un adolescente con el s\u00edndrome del autismo, que tiene una memoria fotogr\u00e1fica, ama las matem\u00e1ticas y la ciencia pero que no logra entender la complejidad de las emociones humanas.<\/p>\n<p>Un d\u00eda descubre al perro de su vecina atravesado por un gran trinche de jardiner\u00eda y se propone encontrar al culpable de esta muerte. Esta aventura lo llevar\u00e1 a descubrir secretos inimaginables de su familia as\u00ed como sus innumerables recursos para poder sobrevivir en una sociedad que no acepta \u201clo diferente\u201d.<br \/>\nLa Plaza en su objetivo por abordar temas que tocan la sensibilidad humana presentar\u00e1 \u201cEl curioso incidente del perro a media noche\u201d de Sim\u00f3n Stephen, adaptada por Daniel Amaru Silva y dirigida por Nishme Sumar.<\/p>\n<p>La obra se ha presentado en los principales teatros del mundo y ha ganado m\u00faltiples premios, llegando al pa\u00eds para develar de manera conmovedora la vida de un joven autista y su lucha por relacionarse en un entorno que no lo comprende.<\/p>\n<p>\u00abVivimos un momento importante como pa\u00eds, en donde los prejuicios, los estereotipos y la intolerancia \u2014antiguas taras de nuestra sociedad\u2014 est\u00e1n generando separaci\u00f3n, violencia y exclusi\u00f3n (\u2026) si vamos un poco m\u00e1s all\u00e1, esta intolerancia e incomprensi\u00f3n podr\u00eda extenderse a grupos de personas que son excluidas por aprender y pensar diferente, por mirar las cosas desde perspectivas particulares, se\u00f1ala Nishme S\u00famar, directora de la obra.<br \/>\n\u201cGracias a la narraci\u00f3n del viaje de Crist\u00f3bal, nos acercamos a otras realidades, nos permitimos mirar el mundo desde otros \u00e1ngulos, y al introducirnos en la fascinante complejidad de su mente nos comprendemos mejor a nosotros mismos\u00bb, se\u00f1ala S\u00famar.<\/p>\n<p>La temporada va del dos de abril hasta el 13 de junio en el teatro La Plaza en Larcomar, de jueves a martes a las 8:00 pm y los domingos a las 7:00 pm. Las entradas est\u00e1n en Teleticket de Wong y Metro, y en la boleter\u00eda del teatro. Para reservas llamar al call center de La Plaza 505-0550.<\/p>\n<p><img fetchpriority=\"high\" decoding=\"async\" class=\"size-full wp-image-7495 aligncenter\" src=\"http:\/\/elinformanteperu.com\/wp-content\/uploads\/2017\/03\/gianella-neyra.jpg\" alt=\"\" width=\"630\" height=\"355\" srcset=\"https:\/\/elinformanteperu.com\/wp-content\/uploads\/2017\/03\/gianella-neyra.jpg 630w, https:\/\/elinformanteperu.com\/wp-content\/uploads\/2017\/03\/gianella-neyra-300x169.jpg 300w, https:\/\/elinformanteperu.com\/wp-content\/uploads\/2017\/03\/gianella-neyra-128x72.jpg 128w, https:\/\/elinformanteperu.com\/wp-content\/uploads\/2017\/03\/gianella-neyra-32x18.jpg 32w, https:\/\/elinformanteperu.com\/wp-content\/uploads\/2017\/03\/gianella-neyra-620x350.jpg 620w\" sizes=\"(max-width: 630px) 100vw, 630px\" \/><\/p>\n","protected":false},"excerpt":{"rendered":"<p>Gianella Neyra, Sof\u00eda Rocha, Christian Ysla, Gustavo Mayer\u00a0y Emanuel Soriano, asumen la puesta en escena \u201cEl curioso incidente del perro a media noche\u201d. Lima, 28 Marzo 2017, (ANDINA).- Emanuel Soriano, Gianella Neyra, Fiorella De Ferrari, Gonzalo Molina, Sof\u00eda Rocha, Christian Ysla, Grapa Paola, Gustavo Mayer, Oscar Meza y Ana\u00ed Padilla asumen la puesta en escena [&hellip;]<\/p>\n","protected":false},"author":1,"featured_media":7494,"comment_status":"open","ping_status":"open","sticky":false,"template":"","format":"standard","meta":{"rop_custom_images_group":[],"rop_custom_messages_group":[],"rop_publish_now":"initial","rop_publish_now_accounts":[],"rop_publish_now_history":[],"rop_publish_now_status":"pending","footnotes":""},"categories":[70],"tags":[1256],"class_list":["post-7493","post","type-post","status-publish","format-standard","has-post-thumbnail","hentry","category-farandula","tag-gianella-neyra"],"_links":{"self":[{"href":"https:\/\/elinformanteperu.com\/index.php\/wp-json\/wp\/v2\/posts\/7493","targetHints":{"allow":["GET"]}}],"collection":[{"href":"https:\/\/elinformanteperu.com\/index.php\/wp-json\/wp\/v2\/posts"}],"about":[{"href":"https:\/\/elinformanteperu.com\/index.php\/wp-json\/wp\/v2\/types\/post"}],"author":[{"embeddable":true,"href":"https:\/\/elinformanteperu.com\/index.php\/wp-json\/wp\/v2\/users\/1"}],"replies":[{"embeddable":true,"href":"https:\/\/elinformanteperu.com\/index.php\/wp-json\/wp\/v2\/comments?post=7493"}],"version-history":[{"count":1,"href":"https:\/\/elinformanteperu.com\/index.php\/wp-json\/wp\/v2\/posts\/7493\/revisions"}],"predecessor-version":[{"id":7496,"href":"https:\/\/elinformanteperu.com\/index.php\/wp-json\/wp\/v2\/posts\/7493\/revisions\/7496"}],"wp:featuredmedia":[{"embeddable":true,"href":"https:\/\/elinformanteperu.com\/index.php\/wp-json\/wp\/v2\/media\/7494"}],"wp:attachment":[{"href":"https:\/\/elinformanteperu.com\/index.php\/wp-json\/wp\/v2\/media?parent=7493"}],"wp:term":[{"taxonomy":"category","embeddable":true,"href":"https:\/\/elinformanteperu.com\/index.php\/wp-json\/wp\/v2\/categories?post=7493"},{"taxonomy":"post_tag","embeddable":true,"href":"https:\/\/elinformanteperu.com\/index.php\/wp-json\/wp\/v2\/tags?post=7493"}],"curies":[{"name":"wp","href":"https:\/\/api.w.org\/{rel}","templated":true}]}}