{"id":74776,"date":"2020-06-15T18:58:15","date_gmt":"2020-06-15T23:58:15","guid":{"rendered":"http:\/\/elinformanteperu.com\/?p=74776"},"modified":"2020-06-15T18:58:15","modified_gmt":"2020-06-15T23:58:15","slug":"oscar-gala-se-pospone-hasta-el-2021-por-coronavirus","status":"publish","type":"post","link":"https:\/\/elinformanteperu.com\/index.php\/2020\/06\/15\/oscar-gala-se-pospone-hasta-el-2021-por-coronavirus\/","title":{"rendered":"\u00d3scar: Gala se pospone hasta el 2021 por coronavirus"},"content":{"rendered":"<p><strong><span style=\"color: #000000;\">La ceremonia de entrega de los \u00d3scar se celebrar\u00e1 el 25 de abril de 2021 por la pandemia del coronavirus.<\/span><\/strong><\/p>\n<p><span style=\"color: #000000;\"><strong>Los \u00c1ngeles, 15 Junio 2020, (ANDINA).-<\/strong> La ceremonia de entrega de los \u00d3scar se celebrar\u00e1 el 25 de abril de 2021 por la pandemia del coronavirus, despu\u00e9s de que la Junta de Gobernadores de la Academia de Hollywood haya aprobado este lunes aplazar dos meses el evento.<\/span><\/p>\n<p><span style=\"color: #000000;\">Los nominados en la categor\u00edas se anunciar\u00e1n el 15 de marzo de 2021 y el plazo para ser candidato no se terminar\u00e1 en 2020, pues el cierre de cines y los atrasos de grandes estrenos han llevado a ampliarlo hasta el 28 de febrero, d\u00eda en el que se iba a celebrar la gala originalmente.<\/span><\/p>\n<p><span style=\"color: #000000;\">Asimismo, la apertura del nuevo Museo de la Academia de Hollywood en Los \u00c1ngeles (EE.UU.) no abrir\u00e1 sus puertas hasta el 30 de abril del pr\u00f3ximo a\u00f1o.<\/span><\/p>\n<p><img fetchpriority=\"high\" decoding=\"async\" class=\"aligncenter size-full wp-image-71848\" src=\"http:\/\/elinformanteperu.com\/wp-content\/uploads\/2020\/05\/Oscar-2021-1.jpg\" alt=\"\" width=\"1800\" height=\"1199\" srcset=\"https:\/\/elinformanteperu.com\/wp-content\/uploads\/2020\/05\/Oscar-2021-1.jpg 1800w, https:\/\/elinformanteperu.com\/wp-content\/uploads\/2020\/05\/Oscar-2021-1-300x200.jpg 300w, https:\/\/elinformanteperu.com\/wp-content\/uploads\/2020\/05\/Oscar-2021-1-1024x682.jpg 1024w, https:\/\/elinformanteperu.com\/wp-content\/uploads\/2020\/05\/Oscar-2021-1-768x512.jpg 768w, https:\/\/elinformanteperu.com\/wp-content\/uploads\/2020\/05\/Oscar-2021-1-1536x1023.jpg 1536w\" sizes=\"(max-width: 1800px) 100vw, 1800px\" \/><\/p>\n","protected":false},"excerpt":{"rendered":"<p>La ceremonia de entrega de los \u00d3scar se celebrar\u00e1 el 25 de abril de 2021 por la pandemia del coronavirus. Los \u00c1ngeles, 15 Junio 2020, (ANDINA).- La ceremonia de entrega de los \u00d3scar se celebrar\u00e1 el 25 de abril de 2021 por la pandemia del coronavirus, despu\u00e9s de que la Junta de Gobernadores de la [&hellip;]<\/p>\n","protected":false},"author":1,"featured_media":70775,"comment_status":"open","ping_status":"open","sticky":false,"template":"","format":"standard","meta":{"rop_custom_images_group":[],"rop_custom_messages_group":[],"rop_publish_now":"initial","rop_publish_now_accounts":[],"rop_publish_now_history":[],"rop_publish_now_status":"pending","footnotes":""},"categories":[7],"tags":[3097,5545],"class_list":["post-74776","post","type-post","status-publish","format-standard","has-post-thumbnail","hentry","category-butaca","tag-el-oscar","tag-oscar-2021"],"_links":{"self":[{"href":"https:\/\/elinformanteperu.com\/index.php\/wp-json\/wp\/v2\/posts\/74776","targetHints":{"allow":["GET"]}}],"collection":[{"href":"https:\/\/elinformanteperu.com\/index.php\/wp-json\/wp\/v2\/posts"}],"about":[{"href":"https:\/\/elinformanteperu.com\/index.php\/wp-json\/wp\/v2\/types\/post"}],"author":[{"embeddable":true,"href":"https:\/\/elinformanteperu.com\/index.php\/wp-json\/wp\/v2\/users\/1"}],"replies":[{"embeddable":true,"href":"https:\/\/elinformanteperu.com\/index.php\/wp-json\/wp\/v2\/comments?post=74776"}],"version-history":[{"count":1,"href":"https:\/\/elinformanteperu.com\/index.php\/wp-json\/wp\/v2\/posts\/74776\/revisions"}],"predecessor-version":[{"id":74777,"href":"https:\/\/elinformanteperu.com\/index.php\/wp-json\/wp\/v2\/posts\/74776\/revisions\/74777"}],"wp:featuredmedia":[{"embeddable":true,"href":"https:\/\/elinformanteperu.com\/index.php\/wp-json\/wp\/v2\/media\/70775"}],"wp:attachment":[{"href":"https:\/\/elinformanteperu.com\/index.php\/wp-json\/wp\/v2\/media?parent=74776"}],"wp:term":[{"taxonomy":"category","embeddable":true,"href":"https:\/\/elinformanteperu.com\/index.php\/wp-json\/wp\/v2\/categories?post=74776"},{"taxonomy":"post_tag","embeddable":true,"href":"https:\/\/elinformanteperu.com\/index.php\/wp-json\/wp\/v2\/tags?post=74776"}],"curies":[{"name":"wp","href":"https:\/\/api.w.org\/{rel}","templated":true}]}}