{"id":74756,"date":"2020-06-14T15:30:42","date_gmt":"2020-06-14T20:30:42","guid":{"rendered":"http:\/\/elinformanteperu.com\/?p=74756"},"modified":"2020-06-14T15:30:42","modified_gmt":"2020-06-14T20:30:42","slug":"ya-se-agoto-el-debate-sobre-paridad-y-alternancia-afirma-omar-chehade","status":"publish","type":"post","link":"https:\/\/elinformanteperu.com\/index.php\/2020\/06\/14\/ya-se-agoto-el-debate-sobre-paridad-y-alternancia-afirma-omar-chehade\/","title":{"rendered":"Ya se agot\u00f3 el debate sobre paridad y alternancia, afirma Omar Chehade"},"content":{"rendered":"<p><strong><span style=\"color: #000000;\">Presidente de Comisi\u00f3n conf\u00eda en que este martes se apruebe dictamen.<\/span><\/strong><\/p>\n<p><span style=\"color: #000000;\"><strong>Lima, 14 Junio 2020, (ANDINA).-<\/strong> El presidente de la Comisi\u00f3n de Constituci\u00f3n, Omar Chehade, conf\u00eda en que este martes su grupo de trabajo apruebe el dictamen sobre paridad y alternancia al haberse agotado el debate sobre el tema.<\/span><\/p>\n<p><span style=\"color: #000000;\">\u201cTodo lo que sea debate ya se agot\u00f3, el martes se va a votar el predictamen de paridad y alternancia. La votaci\u00f3n del tema est\u00e1 en orden del d\u00eda n\u00famero uno\u201d, inform\u00f3 a la Agencia Andina.<\/span><\/p>\n<p><span style=\"color: #000000;\">El parlamentario de Alianza para el Progreso (APP) explic\u00f3 que en la \u00faltima sesi\u00f3n de su grupo de trabajo se debati\u00f3 un texto sustitutorio sobre paridad y alternancia, el cual ser\u00e1 sometido a consideraci\u00f3n de todos los miembros de la comisi\u00f3n en su pr\u00f3xima reuni\u00f3n.<\/span><\/p>\n<p><span style=\"color: #000000;\">\u201cYa no va la reconsideraci\u00f3n porque se ha debatido un texto sustitutorio y ese el que se va a votar el martes\u201d, enfatiz\u00f3.<\/span><\/p>\n<p><span style=\"color: #000000;\">Chehade inform\u00f3 que el referido predictamen incluye tambi\u00e9n la propuesta para eliminar el voto preferencial.<\/span><\/p>\n<p><span style=\"color: #000000;\">Consultado sobre la inclusi\u00f3n de dicha propuesta podr\u00eda entrampar nuevamente la aprobaci\u00f3n de la paridad y alternancia, el legislador no descart\u00f3 la posibilidad de votar aparte el planteamiento sobre el voto preferencial.<\/span><\/p>\n<p><span style=\"color: #000000;\">Con nueve votos en abstenci\u00f3n, ocho a favor y cuatro en contra, el pasado de junio, la Comisi\u00f3n de Constituci\u00f3n dej\u00f3 en suspenso el predictamen que propone adelantar la vigencia del criterio de paridad y alternancia en las elecciones generales el 2021.<\/span><\/p>\n<p><span style=\"color: #000000;\">Ante ello, el congresista del Partido Morado, Gino Costa, present\u00f3 una reconsideraci\u00f3n a la votaci\u00f3n, la cual no prosper\u00f3 al no obtener los 13 votos requeridos.<\/span><\/p>\n<p><span style=\"color: #000000;\">El Congreso anterior aprob\u00f3 la Ley 30996, la cual est\u00e1 vigente y que establece que la paridad y alternancia en las listas de candidatos a cargos de elecci\u00f3n popular se implemente de manera progresiva hasta el a\u00f1o 2031.<\/span><\/p>\n","protected":false},"excerpt":{"rendered":"<p>Presidente de Comisi\u00f3n conf\u00eda en que este martes se apruebe dictamen. Lima, 14 Junio 2020, (ANDINA).- El presidente de la Comisi\u00f3n de Constituci\u00f3n, Omar Chehade, conf\u00eda en que este martes su grupo de trabajo apruebe el dictamen sobre paridad y alternancia al haberse agotado el debate sobre el tema. \u201cTodo lo que sea debate ya [&hellip;]<\/p>\n","protected":false},"author":1,"featured_media":74757,"comment_status":"open","ping_status":"open","sticky":false,"template":"","format":"standard","meta":{"rop_custom_images_group":[],"rop_custom_messages_group":[],"rop_publish_now":"initial","rop_publish_now_accounts":[],"rop_publish_now_history":[],"rop_publish_now_status":"pending","footnotes":""},"categories":[5],"tags":[275,276,192,5253],"class_list":["post-74756","post","type-post","status-publish","format-standard","has-post-thumbnail","hentry","category-actualidad-informativa","tag-alianza-para-el-progreso","tag-app","tag-congreso","tag-omar-chehade"],"_links":{"self":[{"href":"https:\/\/elinformanteperu.com\/index.php\/wp-json\/wp\/v2\/posts\/74756","targetHints":{"allow":["GET"]}}],"collection":[{"href":"https:\/\/elinformanteperu.com\/index.php\/wp-json\/wp\/v2\/posts"}],"about":[{"href":"https:\/\/elinformanteperu.com\/index.php\/wp-json\/wp\/v2\/types\/post"}],"author":[{"embeddable":true,"href":"https:\/\/elinformanteperu.com\/index.php\/wp-json\/wp\/v2\/users\/1"}],"replies":[{"embeddable":true,"href":"https:\/\/elinformanteperu.com\/index.php\/wp-json\/wp\/v2\/comments?post=74756"}],"version-history":[{"count":1,"href":"https:\/\/elinformanteperu.com\/index.php\/wp-json\/wp\/v2\/posts\/74756\/revisions"}],"predecessor-version":[{"id":74758,"href":"https:\/\/elinformanteperu.com\/index.php\/wp-json\/wp\/v2\/posts\/74756\/revisions\/74758"}],"wp:featuredmedia":[{"embeddable":true,"href":"https:\/\/elinformanteperu.com\/index.php\/wp-json\/wp\/v2\/media\/74757"}],"wp:attachment":[{"href":"https:\/\/elinformanteperu.com\/index.php\/wp-json\/wp\/v2\/media?parent=74756"}],"wp:term":[{"taxonomy":"category","embeddable":true,"href":"https:\/\/elinformanteperu.com\/index.php\/wp-json\/wp\/v2\/categories?post=74756"},{"taxonomy":"post_tag","embeddable":true,"href":"https:\/\/elinformanteperu.com\/index.php\/wp-json\/wp\/v2\/tags?post=74756"}],"curies":[{"name":"wp","href":"https:\/\/api.w.org\/{rel}","templated":true}]}}