{"id":74702,"date":"2020-06-14T11:02:34","date_gmt":"2020-06-14T16:02:34","guid":{"rendered":"http:\/\/elinformanteperu.com\/?p=74702"},"modified":"2020-06-14T11:02:34","modified_gmt":"2020-06-14T16:02:34","slug":"america-latina-dependera-de-endeudamiento-externo-para-hacer-frente-a-la-pandemia","status":"publish","type":"post","link":"https:\/\/elinformanteperu.com\/index.php\/2020\/06\/14\/america-latina-dependera-de-endeudamiento-externo-para-hacer-frente-a-la-pandemia\/","title":{"rendered":"Am\u00e9rica latina depender\u00e1 de endeudamiento externo para hacer frente a la pandemia"},"content":{"rendered":"<p><strong><span style=\"color: #000000;\">La recuperaci\u00f3n post Covid-19 de econom\u00edas emergentes como Am\u00e9rica Latina depender\u00e1 de una ayuda extra de organismos multilaterales, afirm\u00f3 el expresidente del Banco Interamericano de Desarrollo, Enrique Iglesias.<\/span><\/strong><\/p>\n<p><span style=\"color: #000000;\"><strong>Lima, 14 Junio 2020, (El Informante Per\u00fa).-<\/strong> La recuperaci\u00f3n post Covid-19 de econom\u00edas emergentes como Am\u00e9rica Latina depender\u00e1 de una ayuda extra de organismos multilaterales y de cr\u00e9dito para hacer frente a las necesidades de reactivaci\u00f3n del aparato productivo y de comercio, afirm\u00f3 hoy el expresidente del Banco Interamericano de Desarrollo, Enrique Iglesias, en el foro \u201cEscenarios posibles para Am\u00e9rica Latina post COVID-19\u201d, organizado por la Universidad San Ignacio de Loyola (USIL).<\/span><\/p>\n<p><span style=\"color: #000000;\">Iglesias propuso a los Gobiernos de Am\u00e9rica Latina lograr acuerdos para crear oportunidades y fortalecer, especialmente, los sistemas de educaci\u00f3n y salud, devastados por la pandemia.<\/span><\/p>\n<p><span style=\"color: #000000;\">Se\u00f1al\u00f3 que seg\u00fan el Banco Mundial para este 2020 se prev\u00e9 una ca\u00edda del PBI global de -6%, el doble de lo que gener\u00f3 la crisis financiera del 2007-2008, que origin\u00f3 una ca\u00edda del -3% del PBI mundial.<\/span><\/p>\n<p><span style=\"color: #000000;\">El exdirector general de la Organizaci\u00f3n de las Naciones Unidas para el Desarrollo Industrial (ONUDI), Carlos Magari\u00f1os, coincidi\u00f3 con esta visi\u00f3n y se\u00f1al\u00f3 que \u201cla cooperaci\u00f3n internacional es la llamada a amortiguar las consecuencias de la pandemia en la regi\u00f3n y aumentar el apoyo en por lo menos 40% para pasar de US$ 400 millones a US$ 700 millones en cr\u00e9ditos\u201d.<\/span><\/p>\n<p><span style=\"color: #000000;\">Por su parte, el excanciller del Per\u00fa, Allan Wagner Tiz\u00f3n, dijo que a consecuencia de la pandemia en Am\u00e9rica Latina \u201cla pobreza aumentar\u00e1 a 270 millones de pobres y que al menos 2,6 millones de peque\u00f1as y medianas empresas desaparecer\u00e1n\u201d.<\/span><\/p>\n<p><span style=\"color: #000000;\">Frente a este panorama, el tambi\u00e9n director de la Academia Diplom\u00e1tica Peruana, se\u00f1al\u00f3 que el camino que tiene el Per\u00fa es defender el multilateralismo y fortalecer los mecanismos de cooperaci\u00f3n regional de comercio.<\/span><\/p>\n<p><span style=\"color: #000000;\">Por otro lado, el fundador presidente de USIL, Ra\u00fal Diez Canseco Terry, destac\u00f3 que se deben buscar soluciones globales y trabajar en una agenda com\u00fan, especialmente en la regi\u00f3n latinoamericana, para avanzar en la transformaci\u00f3n digital, crear ciudades inclusivas e inteligentes, apostar por biodiversidad, la seguridad alimentaria y la gesti\u00f3n integral de las fronteras.<\/span><\/p>\n<p><span style=\"color: #000000;\">Tambi\u00e9n propuso que los Gobiernos inviertan en log\u00edstica funcional como las carreteras, que permitan integrar a toda la poblaci\u00f3n; reducir la informalidad y fortalecer a la peque\u00f1as y microempresas, que en el Per\u00fa representan m\u00e1s del 90% de las empresas y emplea al 75% de la poblaci\u00f3n econ\u00f3micamente activa.<\/span><\/p>\n","protected":false},"excerpt":{"rendered":"<p>La recuperaci\u00f3n post Covid-19 de econom\u00edas emergentes como Am\u00e9rica Latina depender\u00e1 de una ayuda extra de organismos multilaterales, afirm\u00f3 el expresidente del Banco Interamericano de Desarrollo, Enrique Iglesias. Lima, 14 Junio 2020, (El Informante Per\u00fa).- La recuperaci\u00f3n post Covid-19 de econom\u00edas emergentes como Am\u00e9rica Latina depender\u00e1 de una ayuda extra de organismos multilaterales y de [&hellip;]<\/p>\n","protected":false},"author":1,"featured_media":74703,"comment_status":"open","ping_status":"open","sticky":false,"template":"","format":"standard","meta":{"rop_custom_images_group":[],"rop_custom_messages_group":[],"rop_publish_now":"initial","rop_publish_now_accounts":[],"rop_publish_now_history":[],"rop_publish_now_status":"pending","footnotes":""},"categories":[5],"tags":[4769,1154,633],"class_list":["post-74702","post","type-post","status-publish","format-standard","has-post-thumbnail","hentry","category-actualidad-informativa","tag-bid","tag-enrique-iglesias","tag-raul-diez-canseco"],"_links":{"self":[{"href":"https:\/\/elinformanteperu.com\/index.php\/wp-json\/wp\/v2\/posts\/74702","targetHints":{"allow":["GET"]}}],"collection":[{"href":"https:\/\/elinformanteperu.com\/index.php\/wp-json\/wp\/v2\/posts"}],"about":[{"href":"https:\/\/elinformanteperu.com\/index.php\/wp-json\/wp\/v2\/types\/post"}],"author":[{"embeddable":true,"href":"https:\/\/elinformanteperu.com\/index.php\/wp-json\/wp\/v2\/users\/1"}],"replies":[{"embeddable":true,"href":"https:\/\/elinformanteperu.com\/index.php\/wp-json\/wp\/v2\/comments?post=74702"}],"version-history":[{"count":1,"href":"https:\/\/elinformanteperu.com\/index.php\/wp-json\/wp\/v2\/posts\/74702\/revisions"}],"predecessor-version":[{"id":74704,"href":"https:\/\/elinformanteperu.com\/index.php\/wp-json\/wp\/v2\/posts\/74702\/revisions\/74704"}],"wp:featuredmedia":[{"embeddable":true,"href":"https:\/\/elinformanteperu.com\/index.php\/wp-json\/wp\/v2\/media\/74703"}],"wp:attachment":[{"href":"https:\/\/elinformanteperu.com\/index.php\/wp-json\/wp\/v2\/media?parent=74702"}],"wp:term":[{"taxonomy":"category","embeddable":true,"href":"https:\/\/elinformanteperu.com\/index.php\/wp-json\/wp\/v2\/categories?post=74702"},{"taxonomy":"post_tag","embeddable":true,"href":"https:\/\/elinformanteperu.com\/index.php\/wp-json\/wp\/v2\/tags?post=74702"}],"curies":[{"name":"wp","href":"https:\/\/api.w.org\/{rel}","templated":true}]}}