{"id":74596,"date":"2020-06-12T23:41:00","date_gmt":"2020-06-13T04:41:00","guid":{"rendered":"http:\/\/elinformanteperu.com\/?p=74596"},"modified":"2020-06-12T23:41:00","modified_gmt":"2020-06-13T04:41:00","slug":"peru-ya-trabaja-en-fase-3-de-reactivacion-economica-para-crecer-en-segundo-semestre","status":"publish","type":"post","link":"https:\/\/elinformanteperu.com\/index.php\/2020\/06\/12\/peru-ya-trabaja-en-fase-3-de-reactivacion-economica-para-crecer-en-segundo-semestre\/","title":{"rendered":"Per\u00fa ya trabaja en fase 3 de reactivaci\u00f3n econ\u00f3mica para crecer en segundo semestre"},"content":{"rendered":"<p><strong><span style=\"color: #000000;\">La ministra de Econom\u00eda y Finanzas, Mar\u00eda Antonieta Alva, sostuvo que el Gobierno trabaja en elaborar la Fase 3 de la reactivaci\u00f3n econ\u00f3mica.<\/span><\/strong><\/p>\n<p><span style=\"color: #000000;\"><strong>Lima, 12 Junio 2020, (ANDINA).-<\/strong> La ministra de Econom\u00eda y Finanzas, Mar\u00eda Antonieta Alva, sostuvo que el Gobierno trabaja en elaborar la Fase 3 de la reactivaci\u00f3n econ\u00f3mica y lograr el crecimiento para el segundo semestre sin afectar la seguridad sanitaria del pa\u00eds.<\/span><\/p>\n<p><span style=\"color: #000000;\">\u201cEstamos trabajando en lo que ser\u00eda la fase 3 y creemos importante abrir la econom\u00eda, pero con mucha prudencia porque no nos puede pasar lo que pas\u00f3 en Santiago de Chile, donde por un rebrote tuvieron que cerrar de nuevo\u201d, manifest\u00f3 en su presentaci\u00f3n en el Congreso de la Rep\u00fablica.<\/span><\/p>\n<p><span style=\"color: #000000;\">En esa l\u00ednea, afirm\u00f3 que en esta fase 3 los alcaldes tienen un rol fundamental en el control de los focos infecciosos como los mercados y el transporte p\u00fablico. \u201cLos alcaldes nos tienen que ayudar a garantizar las condiciones sanitarias\u201d, apunt\u00f3.<\/span><\/p>\n<p><span style=\"color: #000000;\">Presupuesto<\/span><\/p>\n<p><span style=\"color: #000000;\">En otro momento, destac\u00f3 que el precio de los metales comienza a sentir una recuperaci\u00f3n, lo cual es importante para armar el presupuesto del pr\u00f3ximo a\u00f1o.<\/span><\/p>\n<p><span style=\"color: #000000;\">\u201cEl pr\u00f3ximo a\u00f1o hay cambio de gobierno y el pr\u00f3ximo presidente tiene que recibir un presupuesto bastante realista pues este tiene que estar relacionado con la actividad econ\u00f3mica. Nosotros no podemos entregarle a un presidente un presupuesto que no est\u00e1 financiado\u201d, remarc\u00f3.<\/span><\/p>\n<p><span style=\"color: #000000;\">En ese sentido, dijo que la gran apuesta de todos en la segunda parte del a\u00f1o es reactivar la econom\u00eda.<\/span><\/p>\n<p><span style=\"color: #000000;\">\u201cLa cuarentena ha tenido costos en la econom\u00eda, pero creo que trabajando juntos podemos revertirlos y lograr que la econom\u00eda se recupere en el segundo semestre\u201d, enfatiz\u00f3.<\/span><\/p>\n<p><span style=\"color: #000000;\">Resalt\u00f3 que las autoridades subnacionales tendr\u00e1n recursos en la segunda mitad del a\u00f1o para ejecutar programas de mantenimiento y Trabaja Per\u00fa, adem\u00e1s de los proyectos de inversi\u00f3n p\u00fablica.<\/span><\/p>\n<p><span style=\"color: #000000;\">\u201cLo que queremos es que las actividades subnacionales nos ayuden a gastar los recursos para reactivar la econom\u00eda\u201d, puntualiz\u00f3.<\/span><\/p>\n","protected":false},"excerpt":{"rendered":"<p>La ministra de Econom\u00eda y Finanzas, Mar\u00eda Antonieta Alva, sostuvo que el Gobierno trabaja en elaborar la Fase 3 de la reactivaci\u00f3n econ\u00f3mica. Lima, 12 Junio 2020, (ANDINA).- La ministra de Econom\u00eda y Finanzas, Mar\u00eda Antonieta Alva, sostuvo que el Gobierno trabaja en elaborar la Fase 3 de la reactivaci\u00f3n econ\u00f3mica y lograr el crecimiento [&hellip;]<\/p>\n","protected":false},"author":1,"featured_media":72920,"comment_status":"open","ping_status":"open","sticky":false,"template":"","format":"standard","meta":{"rop_custom_images_group":[],"rop_custom_messages_group":[],"rop_publish_now":"initial","rop_publish_now_accounts":[],"rop_publish_now_history":[],"rop_publish_now_status":"pending","footnotes":""},"categories":[5],"tags":[4900,315,314],"class_list":["post-74596","post","type-post","status-publish","format-standard","has-post-thumbnail","hentry","category-actualidad-informativa","tag-maria-antonieta-alva","tag-mef","tag-ministerio-de-economia-y-finanzas"],"_links":{"self":[{"href":"https:\/\/elinformanteperu.com\/index.php\/wp-json\/wp\/v2\/posts\/74596","targetHints":{"allow":["GET"]}}],"collection":[{"href":"https:\/\/elinformanteperu.com\/index.php\/wp-json\/wp\/v2\/posts"}],"about":[{"href":"https:\/\/elinformanteperu.com\/index.php\/wp-json\/wp\/v2\/types\/post"}],"author":[{"embeddable":true,"href":"https:\/\/elinformanteperu.com\/index.php\/wp-json\/wp\/v2\/users\/1"}],"replies":[{"embeddable":true,"href":"https:\/\/elinformanteperu.com\/index.php\/wp-json\/wp\/v2\/comments?post=74596"}],"version-history":[{"count":1,"href":"https:\/\/elinformanteperu.com\/index.php\/wp-json\/wp\/v2\/posts\/74596\/revisions"}],"predecessor-version":[{"id":74597,"href":"https:\/\/elinformanteperu.com\/index.php\/wp-json\/wp\/v2\/posts\/74596\/revisions\/74597"}],"wp:featuredmedia":[{"embeddable":true,"href":"https:\/\/elinformanteperu.com\/index.php\/wp-json\/wp\/v2\/media\/72920"}],"wp:attachment":[{"href":"https:\/\/elinformanteperu.com\/index.php\/wp-json\/wp\/v2\/media?parent=74596"}],"wp:term":[{"taxonomy":"category","embeddable":true,"href":"https:\/\/elinformanteperu.com\/index.php\/wp-json\/wp\/v2\/categories?post=74596"},{"taxonomy":"post_tag","embeddable":true,"href":"https:\/\/elinformanteperu.com\/index.php\/wp-json\/wp\/v2\/tags?post=74596"}],"curies":[{"name":"wp","href":"https:\/\/api.w.org\/{rel}","templated":true}]}}