{"id":74586,"date":"2020-06-12T21:34:21","date_gmt":"2020-06-13T02:34:21","guid":{"rendered":"http:\/\/elinformanteperu.com\/?p=74586"},"modified":"2020-06-12T23:23:43","modified_gmt":"2020-06-13T04:23:43","slug":"retiro-25-de-afp-conoce-el-nuevo-cronograma-para-quienes-no-se-registraron","status":"publish","type":"post","link":"https:\/\/elinformanteperu.com\/index.php\/2020\/06\/12\/retiro-25-de-afp-conoce-el-nuevo-cronograma-para-quienes-no-se-registraron\/","title":{"rendered":"Retiro 25 % de AFP: conoce el nuevo cronograma para quienes no se registraron"},"content":{"rendered":"<p><strong><span style=\"color: #000000;\">Se iniciar\u00e1 el lunes 15 de junio. Asociaci\u00f3n de AFP lanz\u00f3 hoy el nuevo cronograma para los afiliados que no llegaron a registrarse<\/span><\/strong><\/p>\n<p><span style=\"color: #000000;\"><strong>Lima, 12 Junio 2020, (ANDINA).-<\/strong> La Asociaci\u00f3n de AFP lanz\u00f3 hoy el nuevo cronograma para los afiliados que no llegaron a registrarse a fin de solicitar el retiro de hasta el 25 % de su fondo de AFP, el cual tiene como fecha de inicio el pr\u00f3ximo lunes 15 de junio.<\/span><\/p>\n<p><span style=\"color: #000000;\">\u00abSi no pudiste registrar tu solicitud en las fechas anteriores, ahora puedes hacerlo con el nuevo cronograma (segundo tramo). Adem\u00e1s, se contar\u00e1 con tres d\u00edas adicionales para rezagados\u00bb, indic\u00f3.<\/span><\/p>\n<p><span style=\"color: #000000;\">El tr\u00e1mite es gratuito y 100 % virtual en <strong>www.consultaretiroafp.pe<\/strong>, de lunes a viernes de las 08:00 a 20:00 horas.<\/span><\/p>\n<p><img fetchpriority=\"high\" decoding=\"async\" class=\"aligncenter size-full wp-image-74589\" src=\"http:\/\/elinformanteperu.com\/wp-content\/uploads\/2020\/06\/afp-cronograma.jpg\" alt=\"\" width=\"690\" height=\"374\" srcset=\"https:\/\/elinformanteperu.com\/wp-content\/uploads\/2020\/06\/afp-cronograma.jpg 690w, https:\/\/elinformanteperu.com\/wp-content\/uploads\/2020\/06\/afp-cronograma-300x163.jpg 300w\" sizes=\"(max-width: 690px) 100vw, 690px\" \/><strong><span style=\"color: #000000;\">Entidades financieras<\/span><\/strong><\/p>\n<p><span style=\"color: #000000;\">Con el fin de brindar una mejor atenci\u00f3n, la Asociaci\u00f3n de AFP puso a disposici\u00f3n de los afiliados 17 entidades financieras para que reciban el dep\u00f3sito en su cuenta:<\/span><\/p>\n<p><span style=\"color: #000000;\">\u2022 Banco de la Naci\u00f3n, Banbif, BBVA, BCP, Caja Huancayo, Interbank y Scotiabank: con n\u00famero de cuenta.<\/span><\/p>\n<p><span style=\"color: #000000;\">\u2022 Banco de Comercio, Banco Falabella, Banco GNB, Caja Arequipa, Caja Metropolitana, Caja Municipal Ica, Caja Piura, Caja Sullana, Caja Tacna y Caja Trujillo: con C\u00f3digo de Cuenta Interbancario (CCI).<\/span><\/p>\n<p><span style=\"color: #000000;\">Si un afiliado no tiene cuenta en una entidad financiera, tambi\u00e9n podr\u00e1 registrar su solicitud en la web, seleccionando la opci\u00f3n correspondiente. Oportunamente, la AFP te informar\u00e1 c\u00f3mo podr\u00e1s hacer el retiro.<\/span><\/p>\n<p><strong><span style=\"color: #000000;\">Canales de atenci\u00f3n<\/span><\/strong><\/p>\n<p><span style=\"color: #000000;\">\u00bfTienes dudas sobre el proceso de registro? Comun\u00edcate con la Asociaci\u00f3n de AFP:<\/span><\/p>\n<p><span style=\"color: #000000;\">\u2022 Ingresa a http:\/\/inforegistro.asociacionafp.pe. Encontrar\u00e1s toda la informaci\u00f3n sobre el retiro del 25 %.<\/span><\/p>\n<p><span style=\"color: #000000;\">\u2022 Llamas al (01) 399-3015. La central telef\u00f3nica atender\u00e1 tus dudas.<\/span><\/p>\n<p><span style=\"color: #000000;\">\u2022 Escribe al correo: consultaretiroafp@asociacionafp.com.pe indicando tu AFP en el asunto.<\/span><\/p>\n","protected":false},"excerpt":{"rendered":"<p>Se iniciar\u00e1 el lunes 15 de junio. Asociaci\u00f3n de AFP lanz\u00f3 hoy el nuevo cronograma para los afiliados que no llegaron a registrarse Lima, 12 Junio 2020, (ANDINA).- La Asociaci\u00f3n de AFP lanz\u00f3 hoy el nuevo cronograma para los afiliados que no llegaron a registrarse a fin de solicitar el retiro de hasta el 25 [&hellip;]<\/p>\n","protected":false},"author":1,"featured_media":71743,"comment_status":"open","ping_status":"open","sticky":false,"template":"","format":"standard","meta":{"rop_custom_images_group":[],"rop_custom_messages_group":[],"rop_publish_now":"initial","rop_publish_now_accounts":[],"rop_publish_now_history":[],"rop_publish_now_status":"pending","footnotes":""},"categories":[10],"tags":[1760,1169,5668],"class_list":["post-74586","post","type-post","status-publish","format-standard","has-post-thumbnail","hentry","category-actualidad-municipal","tag-afp","tag-afp-integra","tag-prima-afp"],"_links":{"self":[{"href":"https:\/\/elinformanteperu.com\/index.php\/wp-json\/wp\/v2\/posts\/74586","targetHints":{"allow":["GET"]}}],"collection":[{"href":"https:\/\/elinformanteperu.com\/index.php\/wp-json\/wp\/v2\/posts"}],"about":[{"href":"https:\/\/elinformanteperu.com\/index.php\/wp-json\/wp\/v2\/types\/post"}],"author":[{"embeddable":true,"href":"https:\/\/elinformanteperu.com\/index.php\/wp-json\/wp\/v2\/users\/1"}],"replies":[{"embeddable":true,"href":"https:\/\/elinformanteperu.com\/index.php\/wp-json\/wp\/v2\/comments?post=74586"}],"version-history":[{"count":3,"href":"https:\/\/elinformanteperu.com\/index.php\/wp-json\/wp\/v2\/posts\/74586\/revisions"}],"predecessor-version":[{"id":74590,"href":"https:\/\/elinformanteperu.com\/index.php\/wp-json\/wp\/v2\/posts\/74586\/revisions\/74590"}],"wp:featuredmedia":[{"embeddable":true,"href":"https:\/\/elinformanteperu.com\/index.php\/wp-json\/wp\/v2\/media\/71743"}],"wp:attachment":[{"href":"https:\/\/elinformanteperu.com\/index.php\/wp-json\/wp\/v2\/media?parent=74586"}],"wp:term":[{"taxonomy":"category","embeddable":true,"href":"https:\/\/elinformanteperu.com\/index.php\/wp-json\/wp\/v2\/categories?post=74586"},{"taxonomy":"post_tag","embeddable":true,"href":"https:\/\/elinformanteperu.com\/index.php\/wp-json\/wp\/v2\/tags?post=74586"}],"curies":[{"name":"wp","href":"https:\/\/api.w.org\/{rel}","templated":true}]}}