{"id":74583,"date":"2020-06-12T21:31:33","date_gmt":"2020-06-13T02:31:33","guid":{"rendered":"http:\/\/elinformanteperu.com\/?p=74583"},"modified":"2020-06-12T21:31:33","modified_gmt":"2020-06-13T02:31:33","slug":"dia-del-perro-peruano-lucas-y-ludovico-son-agasajados-en-el-parque-de-las-leyendas","status":"publish","type":"post","link":"https:\/\/elinformanteperu.com\/index.php\/2020\/06\/12\/dia-del-perro-peruano-lucas-y-ludovico-son-agasajados-en-el-parque-de-las-leyendas\/","title":{"rendered":"D\u00eda del Perro Peruano: Lucas y Ludovico son agasajados en el Parque de las Leyendas"},"content":{"rendered":"<p><strong><span style=\"color: #000000;\">Estudios revelan que esta raza de can acompa\u00f1\u00f3 a los antiguos peruanos en sus entierros<\/span><\/strong><\/p>\n<p><span style=\"color: #000000;\"><strong>Lima, 12 Junio 2020, (ANDINA).-<\/strong> El Parque de las Leyendas celebr\u00f3, a puerta cerrada, el D\u00eda del Perro Peruano con Lucas y Ludovico, dos ejemplares de esta especie canina que vive en este centro de entretenimiento y cultura desde hace ocho a\u00f1os.<\/span><\/p>\n<p><span style=\"color: #000000;\">Lucas y Ludovico fueron engre\u00eddos con sus respectivas tortas en base de galleta y alimento para perro. El recinto luci\u00f3 decorado con carteles alusivos a la celebraci\u00f3n dise\u00f1ados por el personal del zool\u00f3gico que agasaj\u00f3 a esta ancestral raza, originaria de la zona norte del antiguo Per\u00fa y representada en las cer\u00e1micas de las culturas Vic\u00fas, Moche y Chim\u00fa.<\/span><\/p>\n<p><span style=\"color: #000000;\">Lucas y Ludovico fueron abandonados en el Parque de las Leyendas y desde esa fecha se encuentran en un espacio acondicionado para ellos ubicado al lado de la huaca Cruz Blanca. En el 2001 el Ministerio de Cultura dispuso la ubicaci\u00f3n de esta raza en todo museo o sitio arqueol\u00f3gico que contara con las condiciones necesarias para su preservaci\u00f3n.<\/span><\/p>\n<p><span style=\"color: #000000;\">En el 2013 se encontraron restos de 138 perros prehisp\u00e1nicos con pelo en la huaca 33 del Parque de las Leyendas. Se trata del mayor hallazgo de esta naturaleza en la costa central del Per\u00fa.<\/span><\/p>\n<p><span style=\"color: #000000;\">El hallazgo de estos canes en entierros humanos en la huaca 33, con evidencias de haber sido sacrificados, ha llevado a los investigadores a sostener que estos canes peruanos sirvieron de acompa\u00f1antes de las personas en su camino a la otra vida.<\/span><\/p>\n<p><span style=\"color: #000000;\">Estas evidencias se encuentran en el Museo de Sitio Ernst Middendorf del Parque de las Leyendas.<\/span><\/p>\n","protected":false},"excerpt":{"rendered":"<p>Estudios revelan que esta raza de can acompa\u00f1\u00f3 a los antiguos peruanos en sus entierros Lima, 12 Junio 2020, (ANDINA).- El Parque de las Leyendas celebr\u00f3, a puerta cerrada, el D\u00eda del Perro Peruano con Lucas y Ludovico, dos ejemplares de esta especie canina que vive en este centro de entretenimiento y cultura desde hace [&hellip;]<\/p>\n","protected":false},"author":1,"featured_media":74584,"comment_status":"open","ping_status":"open","sticky":false,"template":"","format":"standard","meta":{"rop_custom_images_group":[],"rop_custom_messages_group":[],"rop_publish_now":"initial","rop_publish_now_accounts":[],"rop_publish_now_history":[],"rop_publish_now_status":"pending","footnotes":""},"categories":[10],"tags":[5815,2438],"class_list":["post-74583","post","type-post","status-publish","format-standard","has-post-thumbnail","hentry","category-actualidad-municipal","tag-dia-del-perro-peruano","tag-parque-de-las-leyendas"],"_links":{"self":[{"href":"https:\/\/elinformanteperu.com\/index.php\/wp-json\/wp\/v2\/posts\/74583","targetHints":{"allow":["GET"]}}],"collection":[{"href":"https:\/\/elinformanteperu.com\/index.php\/wp-json\/wp\/v2\/posts"}],"about":[{"href":"https:\/\/elinformanteperu.com\/index.php\/wp-json\/wp\/v2\/types\/post"}],"author":[{"embeddable":true,"href":"https:\/\/elinformanteperu.com\/index.php\/wp-json\/wp\/v2\/users\/1"}],"replies":[{"embeddable":true,"href":"https:\/\/elinformanteperu.com\/index.php\/wp-json\/wp\/v2\/comments?post=74583"}],"version-history":[{"count":1,"href":"https:\/\/elinformanteperu.com\/index.php\/wp-json\/wp\/v2\/posts\/74583\/revisions"}],"predecessor-version":[{"id":74585,"href":"https:\/\/elinformanteperu.com\/index.php\/wp-json\/wp\/v2\/posts\/74583\/revisions\/74585"}],"wp:featuredmedia":[{"embeddable":true,"href":"https:\/\/elinformanteperu.com\/index.php\/wp-json\/wp\/v2\/media\/74584"}],"wp:attachment":[{"href":"https:\/\/elinformanteperu.com\/index.php\/wp-json\/wp\/v2\/media?parent=74583"}],"wp:term":[{"taxonomy":"category","embeddable":true,"href":"https:\/\/elinformanteperu.com\/index.php\/wp-json\/wp\/v2\/categories?post=74583"},{"taxonomy":"post_tag","embeddable":true,"href":"https:\/\/elinformanteperu.com\/index.php\/wp-json\/wp\/v2\/tags?post=74583"}],"curies":[{"name":"wp","href":"https:\/\/api.w.org\/{rel}","templated":true}]}}