{"id":74580,"date":"2020-06-12T21:26:11","date_gmt":"2020-06-13T02:26:11","guid":{"rendered":"http:\/\/elinformanteperu.com\/?p=74580"},"modified":"2020-06-12T21:26:11","modified_gmt":"2020-06-13T02:26:11","slug":"carlos-galdos-entre-edison-flores-y-andres-wiese-yo-le-voy-al-orejas","status":"publish","type":"post","link":"https:\/\/elinformanteperu.com\/index.php\/2020\/06\/12\/carlos-galdos-entre-edison-flores-y-andres-wiese-yo-le-voy-al-orejas\/","title":{"rendered":"Carlos Gald\u00f3s: \u201cEntre Edison Flores y Andr\u00e9s Wiese, yo le voy al Orejas\u201d"},"content":{"rendered":"<p><strong><span style=\"color: #000000;\">\u201cEdison Flores no ha cometido ning\u00fan pecado ni ha hecho nada malo\u201d, dijo el conductor sobre chat del futbolista con una seguidora.<\/span><\/strong><\/p>\n<p><span style=\"color: #000000;\"><strong>Lima, 12 Junio 2020, (El Informante Per\u00fa).-<\/strong> Durante su espacio en Capital, Carlos Gald\u00f3s se pronunci\u00f3 sobre el caso Edison Flores tras la filtraci\u00f3n de un supuesto chat del futbolista con una seguidora. Adem\u00e1s, el conductor tambi\u00e9n destac\u00f3 las cualidades del volante de la Selecci\u00f3n Peruana tras las palabras de Magaly Medina, quien llam\u00f3 \u2018fe\u00edto\u2019 y orej\u00f3n\u2019 al jugador.<\/span><\/p>\n<p><span style=\"color: #000000;\">Tras la comparaci\u00f3n que hizo Magaly Medina entre el actor Andr\u00e9s Wiese y Edison Flores, el conductor Carlos Gald\u00f3s asegur\u00f3 que \u201cse quedar\u00eda\u201d con el futbolista, ya que debe conocer gente \u201cm\u00e1s divertida\u201d. Adem\u00e1s, asegur\u00f3 que respecto a los chats, \u201cno ha hecho nada malo\u201d.<\/span><\/p>\n<p><span style=\"color: #000000;\">(Entre Andr\u00e9s Wiese y Edison Flores) Ay, yo le voy al Orejas. Yo me quedar\u00eda con el Orejas. Debe manyar gente m\u00e1s divertida, gente m\u00e1s de a pie. Seguro, Wiese tambi\u00e9n. \u00bfPor qu\u00e9 enamora el Orejitas? Tiene cara de bueno, parece un buen chico. (Sobre chats) No ha cometido ning\u00fan delito, no ha hecho nada malo ese chiquillo. Tiene cara de buena gente\u201d, dijo el conductor.<\/span><\/p>\n<p><iframe title=\"Carlos Gald\u00f3s: \u201cEntre Edison Flores y Andr\u00e9s Wiese, yo le voy al \u2018Orejas\u2019\u201d\" width=\"615\" height=\"346\" src=\"https:\/\/www.youtube.com\/embed\/pJ226marg1c?feature=oembed\" frameborder=\"0\" allow=\"accelerometer; autoplay; clipboard-write; encrypted-media; gyroscope; picture-in-picture; web-share\" referrerpolicy=\"strict-origin-when-cross-origin\" allowfullscreen><\/iframe><\/p>\n","protected":false},"excerpt":{"rendered":"<p>\u201cEdison Flores no ha cometido ning\u00fan pecado ni ha hecho nada malo\u201d, dijo el conductor sobre chat del futbolista con una seguidora. Lima, 12 Junio 2020, (El Informante Per\u00fa).- Durante su espacio en Capital, Carlos Gald\u00f3s se pronunci\u00f3 sobre el caso Edison Flores tras la filtraci\u00f3n de un supuesto chat del futbolista con una seguidora. [&hellip;]<\/p>\n","protected":false},"author":1,"featured_media":74581,"comment_status":"open","ping_status":"open","sticky":false,"template":"","format":"standard","meta":{"rop_custom_images_group":[],"rop_custom_messages_group":[],"rop_publish_now":"initial","rop_publish_now_accounts":[],"rop_publish_now_history":[],"rop_publish_now_status":"pending","footnotes":""},"categories":[70],"tags":[1141,5728,82,3132],"class_list":["post-74580","post","type-post","status-publish","format-standard","has-post-thumbnail","hentry","category-farandula","tag-andres-wiese","tag-carlos-galdos","tag-edison-flores","tag-magaly-medina"],"_links":{"self":[{"href":"https:\/\/elinformanteperu.com\/index.php\/wp-json\/wp\/v2\/posts\/74580","targetHints":{"allow":["GET"]}}],"collection":[{"href":"https:\/\/elinformanteperu.com\/index.php\/wp-json\/wp\/v2\/posts"}],"about":[{"href":"https:\/\/elinformanteperu.com\/index.php\/wp-json\/wp\/v2\/types\/post"}],"author":[{"embeddable":true,"href":"https:\/\/elinformanteperu.com\/index.php\/wp-json\/wp\/v2\/users\/1"}],"replies":[{"embeddable":true,"href":"https:\/\/elinformanteperu.com\/index.php\/wp-json\/wp\/v2\/comments?post=74580"}],"version-history":[{"count":1,"href":"https:\/\/elinformanteperu.com\/index.php\/wp-json\/wp\/v2\/posts\/74580\/revisions"}],"predecessor-version":[{"id":74582,"href":"https:\/\/elinformanteperu.com\/index.php\/wp-json\/wp\/v2\/posts\/74580\/revisions\/74582"}],"wp:featuredmedia":[{"embeddable":true,"href":"https:\/\/elinformanteperu.com\/index.php\/wp-json\/wp\/v2\/media\/74581"}],"wp:attachment":[{"href":"https:\/\/elinformanteperu.com\/index.php\/wp-json\/wp\/v2\/media?parent=74580"}],"wp:term":[{"taxonomy":"category","embeddable":true,"href":"https:\/\/elinformanteperu.com\/index.php\/wp-json\/wp\/v2\/categories?post=74580"},{"taxonomy":"post_tag","embeddable":true,"href":"https:\/\/elinformanteperu.com\/index.php\/wp-json\/wp\/v2\/tags?post=74580"}],"curies":[{"name":"wp","href":"https:\/\/api.w.org\/{rel}","templated":true}]}}