{"id":74569,"date":"2020-06-12T21:10:28","date_gmt":"2020-06-13T02:10:28","guid":{"rendered":"http:\/\/elinformanteperu.com\/?p=74569"},"modified":"2020-06-12T21:10:28","modified_gmt":"2020-06-13T02:10:28","slug":"mercados-de-magdalena-respetan-distanciamiento-social-y-medidas-de-bioseguridad","status":"publish","type":"post","link":"https:\/\/elinformanteperu.com\/index.php\/2020\/06\/12\/mercados-de-magdalena-respetan-distanciamiento-social-y-medidas-de-bioseguridad\/","title":{"rendered":"Mercados de Magdalena respetan distanciamiento social y medidas de bioseguridad"},"content":{"rendered":"<p><strong><span style=\"color: #000000;\">Municipalidad del distrito verific\u00f3 cumplimiento de exigencias para operar durante estado de emergencia.<\/span><\/strong><\/p>\n<p><span style=\"color: #000000;\"><strong>Lima, 12 Junio 2020, (ANDINA).<\/strong>&#8211; La Municipalidad de Magdalena del Mar inform\u00f3, que tras diversas acciones de control y fiscalizaci\u00f3n, los seis mercados del distrito atienden al p\u00fablico bajo estrictas medidas de bioseguridad y respetando el distanciamiento social para evitar la propagaci\u00f3n del nuevo coronavirus (covid-19).<\/span><\/p>\n<p><span style=\"color: #000000;\">La Municipalidad de Magdalena del Mar revel\u00f3 que inici\u00f3 desde hace varias semanas un trabajo de coordinaci\u00f3n directa con los representantes de las administraciones de los centros de abasto, ubicados en la zona comercial, poniendo en marcha un Comit\u00e9 de Autocontrol Sanitario, integrado por los propios comerciantes y supervisados por funcionarios municipales.<\/span><\/p>\n<p><span style=\"color: #000000;\">De esta manera, se\u00f1al\u00f3 que en los mercados Bolognesi, Castilla, Virgen del Carmen, Principal, Moderno y La Chacra, se implementaron una serie de medidas para el ingreso, como la reducci\u00f3n y el control del aforo, instalaci\u00f3n de lavaderos para las manos, aplicaci\u00f3n de gel, medici\u00f3n de la temperatura corporal y la desinfecci\u00f3n zapatos.<\/span><\/p>\n<p><span style=\"color: #000000;\">Destac\u00f3 que en el interior de sus instalaciones cuentan ahora tambi\u00e9n con medidas b\u00e1sicas para asegurar el distanciamiento social, con la instalaci\u00f3n de l\u00e1minas de separaci\u00f3n entre el comerciante y los consumidores, barreras de seguridad entre puestos, se\u00f1alizaci\u00f3n de seguridad y de defensa civil.<\/span><\/p>\n<p><span style=\"color: #000000;\">Agreg\u00f3 que los mercados tambi\u00e9n cuentan con tachos y bolsas rotuladas para el almacenamiento de los residuos s\u00f3lidos en cada puesto, colocan su mercader\u00eda o productos dentro del \u00e1rea asignada, sin ocupar los espacios destinados al tr\u00e1nsito de los compradores y sus v\u00edas de circulaci\u00f3n.<\/span><\/p>\n<p><span style=\"color: #000000;\">Resalt\u00f3 que cada uno de los comerciantes y el personal que labora en estos mercados se han realizado la prueba de covid-19, asegurando que la atenci\u00f3n se efect\u00fae sin el riesgo de eventuales contagios.<\/span><\/p>\n<p><span style=\"color: #000000;\">Acot\u00f3 que todas estas acciones se enmarcan en la implementaci\u00f3n de protocolos de salubridad y distanciamiento social de acuerdo al Decreto Supremo N\u00ba008-2020-SA, que declara la emergencia sanitaria en todo el pa\u00eds y al cumplimiento de metas del Programa de Incentivos a la Mejora de la Gesti\u00f3n Municipal, establecida en el DS 099-2020-EF.<\/span><\/p>\n<p><span style=\"color: #000000;\">Por \u00faltimo, indic\u00f3 que ya ha puesto en marcha tambi\u00e9n dos mercados saludables temporales, alternos a los que se encuentran ya en funcionamiento, los cuales se ubican en un \u00e1rea del Puericultorio P\u00e9rez Aran\u00edbar y en la zona ribere\u00f1a de la Costa Verde.<\/span><\/p>\n","protected":false},"excerpt":{"rendered":"<p>Municipalidad del distrito verific\u00f3 cumplimiento de exigencias para operar durante estado de emergencia. Lima, 12 Junio 2020, (ANDINA).&#8211; La Municipalidad de Magdalena del Mar inform\u00f3, que tras diversas acciones de control y fiscalizaci\u00f3n, los seis mercados del distrito atienden al p\u00fablico bajo estrictas medidas de bioseguridad y respetando el distanciamiento social para evitar la propagaci\u00f3n [&hellip;]<\/p>\n","protected":false},"author":1,"featured_media":74570,"comment_status":"open","ping_status":"open","sticky":false,"template":"","format":"standard","meta":{"rop_custom_images_group":[],"rop_custom_messages_group":[],"rop_publish_now":"initial","rop_publish_now_accounts":[],"rop_publish_now_history":[],"rop_publish_now_status":"pending","footnotes":""},"categories":[10],"tags":[5236,5364,3880,1692],"class_list":["post-74569","post","type-post","status-publish","format-standard","has-post-thumbnail","hentry","category-actualidad-municipal","tag-coronavirus","tag-covid-19","tag-magdalena-del-mar","tag-municipalidad-de-magdalena-del-mar"],"_links":{"self":[{"href":"https:\/\/elinformanteperu.com\/index.php\/wp-json\/wp\/v2\/posts\/74569","targetHints":{"allow":["GET"]}}],"collection":[{"href":"https:\/\/elinformanteperu.com\/index.php\/wp-json\/wp\/v2\/posts"}],"about":[{"href":"https:\/\/elinformanteperu.com\/index.php\/wp-json\/wp\/v2\/types\/post"}],"author":[{"embeddable":true,"href":"https:\/\/elinformanteperu.com\/index.php\/wp-json\/wp\/v2\/users\/1"}],"replies":[{"embeddable":true,"href":"https:\/\/elinformanteperu.com\/index.php\/wp-json\/wp\/v2\/comments?post=74569"}],"version-history":[{"count":1,"href":"https:\/\/elinformanteperu.com\/index.php\/wp-json\/wp\/v2\/posts\/74569\/revisions"}],"predecessor-version":[{"id":74571,"href":"https:\/\/elinformanteperu.com\/index.php\/wp-json\/wp\/v2\/posts\/74569\/revisions\/74571"}],"wp:featuredmedia":[{"embeddable":true,"href":"https:\/\/elinformanteperu.com\/index.php\/wp-json\/wp\/v2\/media\/74570"}],"wp:attachment":[{"href":"https:\/\/elinformanteperu.com\/index.php\/wp-json\/wp\/v2\/media?parent=74569"}],"wp:term":[{"taxonomy":"category","embeddable":true,"href":"https:\/\/elinformanteperu.com\/index.php\/wp-json\/wp\/v2\/categories?post=74569"},{"taxonomy":"post_tag","embeddable":true,"href":"https:\/\/elinformanteperu.com\/index.php\/wp-json\/wp\/v2\/tags?post=74569"}],"curies":[{"name":"wp","href":"https:\/\/api.w.org\/{rel}","templated":true}]}}