{"id":74534,"date":"2020-06-12T19:51:48","date_gmt":"2020-06-13T00:51:48","guid":{"rendered":"http:\/\/elinformanteperu.com\/?p=74534"},"modified":"2020-06-12T19:51:48","modified_gmt":"2020-06-13T00:51:48","slug":"deyvis-orosco-une-su-voz-con-la-de-su-padre-gracias-a-la-tecnologia","status":"publish","type":"post","link":"https:\/\/elinformanteperu.com\/index.php\/2020\/06\/12\/deyvis-orosco-une-su-voz-con-la-de-su-padre-gracias-a-la-tecnologia\/","title":{"rendered":"Deyvis Orosco une su voz con la de su padre gracias a la tecnolog\u00eda"},"content":{"rendered":"<p><strong><span style=\"color: #000000;\">Deyvis Orosco logr\u00f3 unir su voz a la de su padre, una vez m\u00e1s, gracias a la magia de la tecnolog\u00eda para juntos interpretar \u00abPecadora\u00bb.<\/span><\/strong><\/p>\n<p><span style=\"color: #000000;\"><strong>Lima, 12 Junio 2020, (ANDINA).-<\/strong> Deyvis Orosco logr\u00f3 unir su voz a la de su padre, una vez m\u00e1s, gracias a la magia de la tecnolog\u00eda para juntos interpretar \u00abPecadora\u00bb, el emblem\u00e1tico tema que populariz\u00f3 el extinto Johnny Orosco al frente de \u00abN\u00e9ctar\u00bb.<\/span><\/p>\n<p><span style=\"color: #000000;\">El video se program\u00f3 a la medianoche de hoy y se quebr\u00f3 en el estreno recordando a su padre, \u00abeste canci\u00f3n demuestro que por muy lejos que alguien est\u00e9 la m\u00fasica siempre va a alcanzar. No tienen idea lo especial que es para m\u00ed esta canci\u00f3n. Gracias por acompa\u00f1arme todos estos a\u00f1os\u00bb, expres\u00f3 el artista.<\/span><\/p>\n<p><span style=\"color: #000000;\">\u00abCuando todo esto pase muchos van a poder abrazar a los suyos. Cu\u00e1nto dar\u00eda yo por poder abrazar a mi pap\u00e1. Los invito a escuchar el tema, espero lo disfruten\u00bb, se\u00f1ala el artista.<\/span><\/p>\n<p><span style=\"color: #000000;\">Deyvis, quien cumple aislamiento social, no dej\u00f3 de producir en todo este tiempo y as\u00ed logr\u00f3 presentar esta joya musical, tras una campa\u00f1a de intriga en sus redes sociales, donde solo se conoc\u00eda que el desaparecido cantante har\u00eda un feat con su hoy popular hijo.<\/span><\/p>\n<p><span style=\"color: #000000;\">Y fue ayer que hizo el lanzamiento, adem\u00e1s de establecer contacto con sus seguidores y recordar las an\u00e9cdotas de vida con su padre.<\/span><\/p>\n<p><span style=\"color: #000000;\">\u00abVan a venir m\u00e1s novedades en mi canal en YouTube, quienes deseen pueden suscribirse. Estoy trabajando mucho y les pido etiquetar y compartir para difundir este trabajo gracias a la tecnolog\u00eda\u00bb, expresa Deyvis.<\/span><\/p>\n<p><span style=\"color: #000000;\">\u00abCon este lanzamiento demuestro que la m\u00fasica no tiene barreras y que se puede hacer pese a estos momentos dif\u00edciles por los que atravesamos\u00bb, expresa el artista.<\/span><\/p>\n<p><span style=\"color: #000000;\">Y fue as\u00ed que en una transmisi\u00f3n que no fue planeada por el artista cont\u00f3 con la presencia de seguidores no solo a nivel nacional, sino del extranjero que conocen la cumbia peruana.<\/span><\/p>\n<p><iframe title=\"Deyvis Orosco - Pecadora 2020 ft. Johnny Orosco\" width=\"615\" height=\"346\" src=\"https:\/\/www.youtube.com\/embed\/X7b8_R6xJf4?feature=oembed\" frameborder=\"0\" allow=\"accelerometer; autoplay; clipboard-write; encrypted-media; gyroscope; picture-in-picture; web-share\" referrerpolicy=\"strict-origin-when-cross-origin\" allowfullscreen><\/iframe><\/p>\n","protected":false},"excerpt":{"rendered":"<p>Deyvis Orosco logr\u00f3 unir su voz a la de su padre, una vez m\u00e1s, gracias a la magia de la tecnolog\u00eda para juntos interpretar \u00abPecadora\u00bb. Lima, 12 Junio 2020, (ANDINA).- Deyvis Orosco logr\u00f3 unir su voz a la de su padre, una vez m\u00e1s, gracias a la magia de la tecnolog\u00eda para juntos interpretar \u00abPecadora\u00bb, [&hellip;]<\/p>\n","protected":false},"author":1,"featured_media":74535,"comment_status":"open","ping_status":"open","sticky":false,"template":"","format":"standard","meta":{"rop_custom_images_group":[],"rop_custom_messages_group":[],"rop_publish_now":"initial","rop_publish_now_accounts":[],"rop_publish_now_history":[],"rop_publish_now_status":"pending","footnotes":""},"categories":[5745,69],"tags":[4118,5810,1176],"class_list":["post-74534","post","type-post","status-publish","format-standard","has-post-thumbnail","hentry","category-lo-ultimo","category-musica","tag-deyvis-orosco","tag-johnny-orosco","tag-nectar"],"_links":{"self":[{"href":"https:\/\/elinformanteperu.com\/index.php\/wp-json\/wp\/v2\/posts\/74534","targetHints":{"allow":["GET"]}}],"collection":[{"href":"https:\/\/elinformanteperu.com\/index.php\/wp-json\/wp\/v2\/posts"}],"about":[{"href":"https:\/\/elinformanteperu.com\/index.php\/wp-json\/wp\/v2\/types\/post"}],"author":[{"embeddable":true,"href":"https:\/\/elinformanteperu.com\/index.php\/wp-json\/wp\/v2\/users\/1"}],"replies":[{"embeddable":true,"href":"https:\/\/elinformanteperu.com\/index.php\/wp-json\/wp\/v2\/comments?post=74534"}],"version-history":[{"count":1,"href":"https:\/\/elinformanteperu.com\/index.php\/wp-json\/wp\/v2\/posts\/74534\/revisions"}],"predecessor-version":[{"id":74536,"href":"https:\/\/elinformanteperu.com\/index.php\/wp-json\/wp\/v2\/posts\/74534\/revisions\/74536"}],"wp:featuredmedia":[{"embeddable":true,"href":"https:\/\/elinformanteperu.com\/index.php\/wp-json\/wp\/v2\/media\/74535"}],"wp:attachment":[{"href":"https:\/\/elinformanteperu.com\/index.php\/wp-json\/wp\/v2\/media?parent=74534"}],"wp:term":[{"taxonomy":"category","embeddable":true,"href":"https:\/\/elinformanteperu.com\/index.php\/wp-json\/wp\/v2\/categories?post=74534"},{"taxonomy":"post_tag","embeddable":true,"href":"https:\/\/elinformanteperu.com\/index.php\/wp-json\/wp\/v2\/tags?post=74534"}],"curies":[{"name":"wp","href":"https:\/\/api.w.org\/{rel}","templated":true}]}}