{"id":74447,"date":"2020-06-11T19:00:03","date_gmt":"2020-06-12T00:00:03","guid":{"rendered":"http:\/\/elinformanteperu.com\/?p=74447"},"modified":"2020-06-11T19:00:03","modified_gmt":"2020-06-12T00:00:03","slug":"escucha-aqui-a-pablo-alboran-y-camilo-en-el-mismo-aire","status":"publish","type":"post","link":"https:\/\/elinformanteperu.com\/index.php\/2020\/06\/11\/escucha-aqui-a-pablo-alboran-y-camilo-en-el-mismo-aire\/","title":{"rendered":"Escucha aqu\u00ed a Pablo Albor\u00e1n y Camilo en \u00abEl mismo aire\u00bb"},"content":{"rendered":"<p><strong><span style=\"color: #000000;\">Camilo y Pablo Albor\u00e1n han lanzado una nueva versi\u00f3n de la canci\u00f3n del colombiano \u00abEl mismo aire\u00bb, un sencillo que para el artista latino significa una \u00abuni\u00f3n especial\u00bb.<\/span><\/strong><\/p>\n<p><span style=\"color: #000000;\"><strong>Lima, 11 Junio 2020, (ANDINA).-<\/strong> Camilo y Pablo Albor\u00e1n han lanzado este jueves una nueva versi\u00f3n de la canci\u00f3n del colombiano \u00abEl mismo aire\u00bb, un sencillo que para el artista latino significa una \u00abuni\u00f3n especial entre Colombia y Espa\u00f1a\u00bb.<\/span><\/p>\n<p><span style=\"color: #000000;\">El origen de esta colaboraci\u00f3n nace despu\u00e9s de que el artista malague\u00f1o subiera un v\u00eddeo a su cuenta oficial de Instagram interpretando esta canci\u00f3n de Camilo. El colombiano qued\u00f3 tan fascinado que se pusieron en contacto para lanzar esta nueva versi\u00f3n juntos.<\/span><\/p>\n<p><span style=\"color: #000000;\">\u00abLa admiraci\u00f3n entre ambos hizo que, a partir de ese momento, entablaran conversaci\u00f3n, grabaran el tema y filmaran el video en tiempo r\u00e9cord\u00bb, se\u00f1ala un comunicado enviado por la discogr\u00e1fica.<\/span><\/p>\n<p><span style=\"color: #000000;\">El tema, compuesto por Camilo junto a Edgar Barrera, Juan Morelli, Jon Leone y Richi L\u00f3pez, forma parte del disco del colombiano \u00abPor primera vez\u00bb. El \u00e1lbum que le hizo saltar a la fama con canciones como \u00abTutu\u00bb y la hom\u00f3nima \u00abPor primera vez\u00bb.<\/span><\/p>\n<p><span style=\"color: #000000;\">El v\u00eddeo, que ambos artistas filmaron desde sus casas -Camilo en Miami (EE.UU.) y Albor\u00e1n en Espa\u00f1a-, cuenta con la direcci\u00f3n de Evaluna Montaner y producci\u00f3n de Cristian Saumeth. Adem\u00e1s, cuenta con la participaci\u00f3n de la modelo y actriz colombiana Paula Macher.<\/span><\/p>\n<p><span style=\"color: #000000;\">Este v\u00eddeoclip es la segunda parte del v\u00eddeo original del tema que, seg\u00fan detalla la discogr\u00e1fica, hasta ahora ha registrado \u00abm\u00e1s de 27 millones de visitas\u00bb en tan solo un mes.<\/span><\/p>\n<p><span style=\"color: #000000;\">Esta colaboraci\u00f3n llega poco tiempo despu\u00e9s de que el colombiano estrenara su nuevo sencillo \u00abFavorito\u00bb, que ha conseguido discos de platino y oro en m\u00faltiples pa\u00edses y que escala r\u00e1pidamente posiciones en las listas de Billboard.<\/span><\/p>\n<p><iframe title=\"Camilo, Pablo Albor\u00e1n - El Mismo Aire (Official Video)\" width=\"615\" height=\"346\" src=\"https:\/\/www.youtube.com\/embed\/ZYDj7bys8jo?feature=oembed\" frameborder=\"0\" allow=\"accelerometer; autoplay; clipboard-write; encrypted-media; gyroscope; picture-in-picture; web-share\" referrerpolicy=\"strict-origin-when-cross-origin\" allowfullscreen><\/iframe><\/p>\n","protected":false},"excerpt":{"rendered":"<p>Camilo y Pablo Albor\u00e1n han lanzado una nueva versi\u00f3n de la canci\u00f3n del colombiano \u00abEl mismo aire\u00bb, un sencillo que para el artista latino significa una \u00abuni\u00f3n especial\u00bb. Lima, 11 Junio 2020, (ANDINA).- Camilo y Pablo Albor\u00e1n han lanzado este jueves una nueva versi\u00f3n de la canci\u00f3n del colombiano \u00abEl mismo aire\u00bb, un sencillo que [&hellip;]<\/p>\n","protected":false},"author":1,"featured_media":74448,"comment_status":"open","ping_status":"open","sticky":false,"template":"","format":"standard","meta":{"rop_custom_images_group":[],"rop_custom_messages_group":[],"rop_publish_now":"initial","rop_publish_now_accounts":[],"rop_publish_now_history":[],"rop_publish_now_status":"pending","footnotes":""},"categories":[69],"tags":[4374,2102],"class_list":["post-74447","post","type-post","status-publish","format-standard","has-post-thumbnail","hentry","category-musica","tag-camilo","tag-pablo-alboran"],"_links":{"self":[{"href":"https:\/\/elinformanteperu.com\/index.php\/wp-json\/wp\/v2\/posts\/74447","targetHints":{"allow":["GET"]}}],"collection":[{"href":"https:\/\/elinformanteperu.com\/index.php\/wp-json\/wp\/v2\/posts"}],"about":[{"href":"https:\/\/elinformanteperu.com\/index.php\/wp-json\/wp\/v2\/types\/post"}],"author":[{"embeddable":true,"href":"https:\/\/elinformanteperu.com\/index.php\/wp-json\/wp\/v2\/users\/1"}],"replies":[{"embeddable":true,"href":"https:\/\/elinformanteperu.com\/index.php\/wp-json\/wp\/v2\/comments?post=74447"}],"version-history":[{"count":1,"href":"https:\/\/elinformanteperu.com\/index.php\/wp-json\/wp\/v2\/posts\/74447\/revisions"}],"predecessor-version":[{"id":74449,"href":"https:\/\/elinformanteperu.com\/index.php\/wp-json\/wp\/v2\/posts\/74447\/revisions\/74449"}],"wp:featuredmedia":[{"embeddable":true,"href":"https:\/\/elinformanteperu.com\/index.php\/wp-json\/wp\/v2\/media\/74448"}],"wp:attachment":[{"href":"https:\/\/elinformanteperu.com\/index.php\/wp-json\/wp\/v2\/media?parent=74447"}],"wp:term":[{"taxonomy":"category","embeddable":true,"href":"https:\/\/elinformanteperu.com\/index.php\/wp-json\/wp\/v2\/categories?post=74447"},{"taxonomy":"post_tag","embeddable":true,"href":"https:\/\/elinformanteperu.com\/index.php\/wp-json\/wp\/v2\/tags?post=74447"}],"curies":[{"name":"wp","href":"https:\/\/api.w.org\/{rel}","templated":true}]}}