{"id":74436,"date":"2020-06-11T00:59:53","date_gmt":"2020-06-11T05:59:53","guid":{"rendered":"http:\/\/elinformanteperu.com\/?p=74436"},"modified":"2020-06-11T00:59:53","modified_gmt":"2020-06-11T05:59:53","slug":"este-viernes-veran-pedido-de-cese-de-prision-preventiva-de-walter-rios","status":"publish","type":"post","link":"https:\/\/elinformanteperu.com\/index.php\/2020\/06\/11\/este-viernes-veran-pedido-de-cese-de-prision-preventiva-de-walter-rios\/","title":{"rendered":"Este viernes ver\u00e1n pedido de cese de prisi\u00f3n preventiva de Walter R\u00edos"},"content":{"rendered":"<p><strong><span style=\"color: #000000;\">El Juzgado Supremo de Investigaci\u00f3n Preparatoria program\u00f3 para este viernes la audiencia sobre cesaci\u00f3n de prisi\u00f3n preventiva solicitada por exjuez superior Walter R\u00edos.<\/span><\/strong><\/p>\n<p><span style=\"color: #000000;\"><strong>Lima, 10 Junio 2020, (ANDINA).-<\/strong> El Juzgado Supremo de Investigaci\u00f3n Preparatoria program\u00f3 para este viernes la audiencia sobre cesaci\u00f3n de prisi\u00f3n preventiva solicitada por exjuez superior Walter R\u00edos, en la investigaci\u00f3n que se le sigue por organizaci\u00f3n criminal y otros, en el caso Los cuellos blancos del puerto.<\/span><\/p>\n<p><span style=\"color: #000000;\">La audiencia se llevar\u00e1 a cabo a partir de las 9.00 horas, mediante una videoconferencia con el aplicativo Hangouts Meet.<\/span><\/p>\n<p><span style=\"color: #000000;\">Para ello, seg\u00fan el juzgado, se requerir\u00e1 la presencia virtual obligatoria del representante del Ministerio P\u00fablico, y del imputado y su defensa t\u00e9cnica.<\/span><\/p>\n<p><span style=\"color: #000000;\">En caso de imposibilidad de conexi\u00f3n virtual con el establecimiento penitenciario donde est\u00e1 R\u00edos, y teniendo en cuenta el estado de emergencia nacional, se prescindir\u00e1 de su presencia virtual, toda vez que est\u00e9 debidamente representado por su abogado.<\/span><\/p>\n<p><span style=\"color: #000000;\">Walter R\u00edos, detenido en julio de 2018, fue protagonista de unos audios en los cuales se le escucha negociar con algunos integrantes del desaparecido Consejo Nacional de la Magistratura (CNM) el nombramiento de magistrados y presuntos actos irregulares.<\/span><\/p>\n<p><span style=\"color: #000000;\">Es investigado en el marco del caso Los cuellos blancos del puerto, organizaci\u00f3n criminal que, de acuerdo con la Fiscal\u00eda, est\u00e1 compuesta por tres tipos de red.<\/span><\/p>\n<p><span style=\"color: #000000;\">Estas ser\u00edan una externa formada por abogados litigantes y empresarios; una interna donde se advierte la participaci\u00f3n de personal administrativo y jurisdiccional de la Corte Superior del Callao; y otra integrada por altos funcionarios.<\/span><\/p>\n","protected":false},"excerpt":{"rendered":"<p>El Juzgado Supremo de Investigaci\u00f3n Preparatoria program\u00f3 para este viernes la audiencia sobre cesaci\u00f3n de prisi\u00f3n preventiva solicitada por exjuez superior Walter R\u00edos. Lima, 10 Junio 2020, (ANDINA).- El Juzgado Supremo de Investigaci\u00f3n Preparatoria program\u00f3 para este viernes la audiencia sobre cesaci\u00f3n de prisi\u00f3n preventiva solicitada por exjuez superior Walter R\u00edos, en la investigaci\u00f3n que [&hellip;]<\/p>\n","protected":false},"author":1,"featured_media":74437,"comment_status":"open","ping_status":"open","sticky":false,"template":"","format":"standard","meta":{"rop_custom_images_group":[],"rop_custom_messages_group":[],"rop_publish_now":"initial","rop_publish_now_accounts":[],"rop_publish_now_history":[],"rop_publish_now_status":"pending","footnotes":""},"categories":[5],"tags":[163,3377],"class_list":["post-74436","post","type-post","status-publish","format-standard","has-post-thumbnail","hentry","category-actualidad-informativa","tag-poder-judicial","tag-walter-rios-montalvo"],"_links":{"self":[{"href":"https:\/\/elinformanteperu.com\/index.php\/wp-json\/wp\/v2\/posts\/74436","targetHints":{"allow":["GET"]}}],"collection":[{"href":"https:\/\/elinformanteperu.com\/index.php\/wp-json\/wp\/v2\/posts"}],"about":[{"href":"https:\/\/elinformanteperu.com\/index.php\/wp-json\/wp\/v2\/types\/post"}],"author":[{"embeddable":true,"href":"https:\/\/elinformanteperu.com\/index.php\/wp-json\/wp\/v2\/users\/1"}],"replies":[{"embeddable":true,"href":"https:\/\/elinformanteperu.com\/index.php\/wp-json\/wp\/v2\/comments?post=74436"}],"version-history":[{"count":1,"href":"https:\/\/elinformanteperu.com\/index.php\/wp-json\/wp\/v2\/posts\/74436\/revisions"}],"predecessor-version":[{"id":74438,"href":"https:\/\/elinformanteperu.com\/index.php\/wp-json\/wp\/v2\/posts\/74436\/revisions\/74438"}],"wp:featuredmedia":[{"embeddable":true,"href":"https:\/\/elinformanteperu.com\/index.php\/wp-json\/wp\/v2\/media\/74437"}],"wp:attachment":[{"href":"https:\/\/elinformanteperu.com\/index.php\/wp-json\/wp\/v2\/media?parent=74436"}],"wp:term":[{"taxonomy":"category","embeddable":true,"href":"https:\/\/elinformanteperu.com\/index.php\/wp-json\/wp\/v2\/categories?post=74436"},{"taxonomy":"post_tag","embeddable":true,"href":"https:\/\/elinformanteperu.com\/index.php\/wp-json\/wp\/v2\/tags?post=74436"}],"curies":[{"name":"wp","href":"https:\/\/api.w.org\/{rel}","templated":true}]}}