{"id":74295,"date":"2020-06-10T00:46:05","date_gmt":"2020-06-10T05:46:05","guid":{"rendered":"http:\/\/elinformanteperu.com\/?p=74295"},"modified":"2020-06-10T00:46:05","modified_gmt":"2020-06-10T05:46:05","slug":"coronavirus-plantean-beneficios-para-reservistas-que-prestan-servicios","status":"publish","type":"post","link":"https:\/\/elinformanteperu.com\/index.php\/2020\/06\/10\/coronavirus-plantean-beneficios-para-reservistas-que-prestan-servicios\/","title":{"rendered":"Coronavirus: plantean beneficios para reservistas que prestan servicios"},"content":{"rendered":"<p><strong><span style=\"color: #000000;\">Beneficios para los reservistas de las Fuerzas Armadas que han prestado servicios durante la emergencia nacional por el covid-19.<\/span><\/strong><\/p>\n<p><span style=\"color: #000000;\"><strong>Lima, 09 Junio 2020, (ANDINA).-<\/strong> Beneficios para los reservistas de las Fuerzas Armadas que han prestado servicios durante la emergencia nacional por el covid-19, plantea un proyecto de ley presentado por el congresista de Alianza para el Progreso, Perci Rivas.<\/span><\/p>\n<p><span style=\"color: #000000;\">Seg\u00fan la iniciativa legislativa, los reservistas, tras concluir sus servicios, tendr\u00e1n derecho a una bonificaci\u00f3n del 50% sobre la nota final cuando postulen a las escuelas de formaci\u00f3n de oficiales de las Fuerzas Armadas y Polic\u00eda Nacional.<\/span><\/p>\n<p><span style=\"color: #000000;\">De igual forma, tendr\u00e1n ingreso directo a los centros de formaci\u00f3n de las Fuerzas Armadas y Escuela de Suboficiales de la Polic\u00eda Nacional.<\/span><\/p>\n<p><span style=\"color: #000000;\">Adem\u00e1s, ser\u00e1n exonerados del pago por derechos de inscripci\u00f3n e ingreso a las escuelas de formaci\u00f3n de las Fuerzas Armadas y Polic\u00eda.<\/span><\/p>\n<p><span style=\"color: #000000;\">Estos beneficios, de acuerdo con el proyecto de ley, se mantendr\u00e1n vigentes hasta el 31 de diciembre de 2022 y se dar\u00e1n por \u00fanica vez.<\/span><\/p>\n<p><span style=\"color: #000000;\">Para materializar los beneficios, la iniciativa incorpora una disposici\u00f3n transitoria final con dichos t\u00e9rminos en la Ley 29248, Ley del Servicio Militar.<\/span><\/p>\n<p><span style=\"color: #000000;\">En el marco de la emergencia nacional por el covid-19, el Ministerio de Defensa emiti\u00f3 el Decreto Supremo 004-2020-DE para el llamamiento extraordinario de reservistas licenciados en los a\u00f1os 2018, 2019 y 2020.<\/span><\/p>\n<p><span style=\"color: #000000;\">Dicha medida se dispuso a fin de apoyar la labor de las Fuerzas Armadas frente a la pandemia.<\/span><\/p>\n","protected":false},"excerpt":{"rendered":"<p>Beneficios para los reservistas de las Fuerzas Armadas que han prestado servicios durante la emergencia nacional por el covid-19. Lima, 09 Junio 2020, (ANDINA).- Beneficios para los reservistas de las Fuerzas Armadas que han prestado servicios durante la emergencia nacional por el covid-19, plantea un proyecto de ley presentado por el congresista de Alianza para [&hellip;]<\/p>\n","protected":false},"author":1,"featured_media":74296,"comment_status":"open","ping_status":"open","sticky":false,"template":"","format":"standard","meta":{"rop_custom_images_group":[],"rop_custom_messages_group":[],"rop_publish_now":"initial","rop_publish_now_accounts":[],"rop_publish_now_history":[],"rop_publish_now_status":"pending","footnotes":""},"categories":[5],"tags":[192,2237],"class_list":["post-74295","post","type-post","status-publish","format-standard","has-post-thumbnail","hentry","category-actualidad-informativa","tag-congreso","tag-fuerzas-armadas"],"_links":{"self":[{"href":"https:\/\/elinformanteperu.com\/index.php\/wp-json\/wp\/v2\/posts\/74295","targetHints":{"allow":["GET"]}}],"collection":[{"href":"https:\/\/elinformanteperu.com\/index.php\/wp-json\/wp\/v2\/posts"}],"about":[{"href":"https:\/\/elinformanteperu.com\/index.php\/wp-json\/wp\/v2\/types\/post"}],"author":[{"embeddable":true,"href":"https:\/\/elinformanteperu.com\/index.php\/wp-json\/wp\/v2\/users\/1"}],"replies":[{"embeddable":true,"href":"https:\/\/elinformanteperu.com\/index.php\/wp-json\/wp\/v2\/comments?post=74295"}],"version-history":[{"count":1,"href":"https:\/\/elinformanteperu.com\/index.php\/wp-json\/wp\/v2\/posts\/74295\/revisions"}],"predecessor-version":[{"id":74297,"href":"https:\/\/elinformanteperu.com\/index.php\/wp-json\/wp\/v2\/posts\/74295\/revisions\/74297"}],"wp:featuredmedia":[{"embeddable":true,"href":"https:\/\/elinformanteperu.com\/index.php\/wp-json\/wp\/v2\/media\/74296"}],"wp:attachment":[{"href":"https:\/\/elinformanteperu.com\/index.php\/wp-json\/wp\/v2\/media?parent=74295"}],"wp:term":[{"taxonomy":"category","embeddable":true,"href":"https:\/\/elinformanteperu.com\/index.php\/wp-json\/wp\/v2\/categories?post=74295"},{"taxonomy":"post_tag","embeddable":true,"href":"https:\/\/elinformanteperu.com\/index.php\/wp-json\/wp\/v2\/tags?post=74295"}],"curies":[{"name":"wp","href":"https:\/\/api.w.org\/{rel}","templated":true}]}}