{"id":74293,"date":"2020-06-10T00:40:59","date_gmt":"2020-06-10T05:40:59","guid":{"rendered":"http:\/\/elinformanteperu.com\/?p=74293"},"modified":"2020-06-10T00:58:41","modified_gmt":"2020-06-10T05:58:41","slug":"fiscalia-amplia-investigacion-contra-kuczynski-y-gerardo-sepulveda","status":"publish","type":"post","link":"https:\/\/elinformanteperu.com\/index.php\/2020\/06\/10\/fiscalia-amplia-investigacion-contra-kuczynski-y-gerardo-sepulveda\/","title":{"rendered":"Fiscal\u00eda ampl\u00eda investigaci\u00f3n contra Kuczynski y Gerardo Sep\u00falveda"},"content":{"rendered":"<p><strong><span style=\"color: #000000;\">El fiscal del Equipo Especial, Lava Jato, Jos\u00e9 Domingo P\u00e9rez ampli\u00f3 la investigaci\u00f3n preparatoria contra el ex presidente Pedro Pablo Kuczynski y el empresario chileno Gerardo Sep\u00falveda.<\/span><\/strong><\/p>\n<p><span style=\"color: #000000;\"><strong>Lima, 09 Junio 2020, (ANDINA).-<\/strong> El fiscal del Equipo Especial, Lava Jato, Jos\u00e9 Domingo P\u00e9rez ampli\u00f3 la investigaci\u00f3n preparatoria contra el ex presidente Pedro Pablo Kuczynski y el empresario chileno Gerardo Sep\u00falveda en la investigaci\u00f3n por el caso Odebrecht.<\/span><\/p>\n<p><span style=\"color: #000000;\">Seg\u00fan la disposici\u00f3n fiscal, a Kuczynski y Sep\u00falveda se les imputa la presunta comisi\u00f3n del delito de lavado de activos cometido en organizaci\u00f3n criminal, en las modalidades de ocultamiento y tenencia.<\/span><\/p>\n<p><span style=\"color: #000000;\">Como parte de la ampliaci\u00f3n de la investigaci\u00f3n, Sep\u00falveda ha sido citado el 21 y 22 de julio ante el despacho fiscal Jos\u00e9 Domingo P\u00e9rez para tratar sobre las asesor\u00edas de Westfield Capital y\/o First Capital para Trasvase Olmos e Interoce\u00e1nica Sur, tramo 2 y 3.<\/span><\/p>\n<p><span style=\"color: #000000;\">El fiscal menciona en su disposici\u00f3n el reciente testimonio del exgerente de la Municipalidad Metropolitana de Lima, Jos\u00e9 Miguel Castro, quien implic\u00f3 al expresidente Kuczynski y a Sep\u00falveda en cobros indebidos por la obra Rutas de Lima.<\/span><\/p>\n<p><span style=\"color: #000000;\">Castro, quien es aspirante a colaborador eficaz, ha comprometido al exmandatario y al empresario chileno en obras adicionales para Rutas de Lima que a la postre significaron que la inversi\u00f3n pasara de 500 millones a 700 millones de d\u00f3lares.<\/span><\/p>\n<p><span style=\"color: #000000;\">De los 700 millones de d\u00f3lares, Westfield Capital, por medio de Sep\u00falveda, recibi\u00f3 el 0.5 %, como \u00abcomisi\u00f3n de \u00e9xito\u00bb, es decir 3.5 millones d\u00f3lares. De esa cantidad, aproximadamente 700,000 d\u00f3lares fueron pagados Kuczynski bajo concepto desconocido, se\u00f1ala el documento fiscal.<\/span><\/p>\n<p><span style=\"color: #000000;\">Esta ma\u00f1ana, la Primera Sala de Apelaciones Nacional Permanente Especializada en Delitos de Corrupci\u00f3n realiz\u00f3 la audiencia de apelaci\u00f3n de la resoluci\u00f3n que declar\u00f3 infundada la prisi\u00f3n preventiva para Sep\u00falveda por el caso Westfield Capital. El colegiado dej\u00f3 al voto su decisi\u00f3n.<\/span><\/p>\n","protected":false},"excerpt":{"rendered":"<p>El fiscal del Equipo Especial, Lava Jato, Jos\u00e9 Domingo P\u00e9rez ampli\u00f3 la investigaci\u00f3n preparatoria contra el ex presidente Pedro Pablo Kuczynski y el empresario chileno Gerardo Sep\u00falveda. Lima, 09 Junio 2020, (ANDINA).- El fiscal del Equipo Especial, Lava Jato, Jos\u00e9 Domingo P\u00e9rez ampli\u00f3 la investigaci\u00f3n preparatoria contra el ex presidente Pedro Pablo Kuczynski y el [&hellip;]<\/p>\n","protected":false},"author":1,"featured_media":47262,"comment_status":"open","ping_status":"open","sticky":false,"template":"","format":"standard","meta":{"rop_custom_images_group":[],"rop_custom_messages_group":[],"rop_publish_now":"initial","rop_publish_now_accounts":[],"rop_publish_now_history":[],"rop_publish_now_status":"pending","footnotes":""},"categories":[5],"tags":[2574,2568,656,74],"class_list":["post-74293","post","type-post","status-publish","format-standard","has-post-thumbnail","hentry","category-actualidad-informativa","tag-gerardo-sepulveda","tag-jose-domingo-perez","tag-lava-jato","tag-pedro-pablo-kuczynski"],"_links":{"self":[{"href":"https:\/\/elinformanteperu.com\/index.php\/wp-json\/wp\/v2\/posts\/74293","targetHints":{"allow":["GET"]}}],"collection":[{"href":"https:\/\/elinformanteperu.com\/index.php\/wp-json\/wp\/v2\/posts"}],"about":[{"href":"https:\/\/elinformanteperu.com\/index.php\/wp-json\/wp\/v2\/types\/post"}],"author":[{"embeddable":true,"href":"https:\/\/elinformanteperu.com\/index.php\/wp-json\/wp\/v2\/users\/1"}],"replies":[{"embeddable":true,"href":"https:\/\/elinformanteperu.com\/index.php\/wp-json\/wp\/v2\/comments?post=74293"}],"version-history":[{"count":1,"href":"https:\/\/elinformanteperu.com\/index.php\/wp-json\/wp\/v2\/posts\/74293\/revisions"}],"predecessor-version":[{"id":74294,"href":"https:\/\/elinformanteperu.com\/index.php\/wp-json\/wp\/v2\/posts\/74293\/revisions\/74294"}],"wp:featuredmedia":[{"embeddable":true,"href":"https:\/\/elinformanteperu.com\/index.php\/wp-json\/wp\/v2\/media\/47262"}],"wp:attachment":[{"href":"https:\/\/elinformanteperu.com\/index.php\/wp-json\/wp\/v2\/media?parent=74293"}],"wp:term":[{"taxonomy":"category","embeddable":true,"href":"https:\/\/elinformanteperu.com\/index.php\/wp-json\/wp\/v2\/categories?post=74293"},{"taxonomy":"post_tag","embeddable":true,"href":"https:\/\/elinformanteperu.com\/index.php\/wp-json\/wp\/v2\/tags?post=74293"}],"curies":[{"name":"wp","href":"https:\/\/api.w.org\/{rel}","templated":true}]}}