{"id":73868,"date":"2020-06-06T00:46:36","date_gmt":"2020-06-06T05:46:36","guid":{"rendered":"http:\/\/elinformanteperu.com\/?p=73868"},"modified":"2020-06-06T01:45:10","modified_gmt":"2020-06-06T06:45:10","slug":"precios-de-viviendas-bajan-hasta-10-y-hay-mas-facilidades-para-comprar","status":"publish","type":"post","link":"https:\/\/elinformanteperu.com\/index.php\/2020\/06\/06\/precios-de-viviendas-bajan-hasta-10-y-hay-mas-facilidades-para-comprar\/","title":{"rendered":"Precios de viviendas bajan hasta 10% y hay m\u00e1s facilidades para comprar"},"content":{"rendered":"<p><strong><span style=\"color: #000000;\">Los precios de las viviendas han bajado hasta 10% ante la situaci\u00f3n actual generada por el coronavirus, se\u00f1al\u00f3 hoy el viceministro de Vivienda y Urbanismo, David Ramos.<\/span><\/strong><\/p>\n<p><span style=\"color: #000000;\"><strong>Lima, 05 Junio 2020, (ANDINA).-<\/strong> Los precios de las viviendas han bajado hasta 10% ante la situaci\u00f3n actual generada por el coronavirus, lo cual representa una buena oportunidad para quienes puedan comprar un inmueble, se\u00f1al\u00f3 hoy el viceministro de Vivienda y Urbanismo, David Ramos.<\/span><\/p>\n<p><span style=\"color: #000000;\">\u201cHoy, por ejemplo, una vivienda que costaba 200,000 soles, ahora tiene un descuento que est\u00e1n promoviendo los inmobiliarios que est\u00e1 entre 5% y 10%, con lo cual ah\u00ed hay un ahorro\u201d, indic\u00f3 en TV Per\u00fa.<\/span><\/p>\n<p><span style=\"color: #000000;\">\u201cEl Estado adem\u00e1s est\u00e1 poniendo un bono incrementado y tambi\u00e9n hay facilidades respecto a que ya no se exige la cuota inicial de 10%, sino de 7.5%\u201d, agreg\u00f3.<\/span><\/p>\n<p><span style=\"color: #000000;\">David Ramos destac\u00f3 que las empresas est\u00e1n generando ofertas, promociones, descuentos, y el Gobierno busca acompa\u00f1ar esas iniciativas con el incremento de los subsidios y condiciones m\u00e1s favorables.<\/span><\/p>\n<p><span style=\"color: #000000;\">\u201cHemos generado incentivos en los programas de vivienda, tomando en cuenta que el sector inmobiliario se contraer\u00e1 por los tres meses de para por el coronavirus\u201d, dijo.<\/span><\/p>\n<p><span style=\"color: #000000;\">\u201cSon condiciones importantes y oportunidades que se pueden presentar en este momento, para quienes necesiten la vivienda y que han podido superar la pandemia\u201d, a\u00f1adi\u00f3.<\/span><\/p>\n<p><strong><span style=\"color: #000000;\">Reactivaci\u00f3n<\/span><\/strong><\/p>\n<p><span style=\"color: #000000;\">Por otra parte, el viceministro resalt\u00f3 que uno de los motores de la reactivaci\u00f3n econ\u00f3mica siempre es el sector construcci\u00f3n, y sobre todo el rubro inmobiliario vinculado a los programas de vivienda social.<\/span><\/p>\n<p><span style=\"color: #000000;\">\u201cExiste un consenso de especialistas y la comunidad internacional respecto a seguir abriendo las actividades del sector construcci\u00f3n. En la primera fase, cuando se ha aperturado la posibilidad de que las empresas constructoras reinicien actividades, el Ministerio de Vivienda ha otorgado la autorizaci\u00f3n para 630 obras del rubro inmobiliario a nivel nacional\u201d, afirm\u00f3.<\/span><\/p>\n<p><span style=\"color: #000000;\">\u201cOtro punto importante, es que en esta segunda fase, que fue aprobada ayer, el Ministerio de Vivienda ya no recibir\u00e1 los expedientes de autorizaci\u00f3n, porque ahora los promotores inmobiliarios van a registrar directamente sus protocolos al Ministerio de Salud, a trav\u00e9s de la plataforma Sicovid-19\u201d, dijo.<\/span><\/p>\n<p><span style=\"color: #000000;\">David Ramos enfatiz\u00f3 que eso no significa que el Ministerio de Vivienda no seguir\u00e1 fiscalizando y revisando que todo se vaya desarrollando respetando las medidas establecidas y los protocolos sanitarios.<\/span><\/p>\n<p><span style=\"color: #000000;\">\u201cDe constatar que alguna empresa inmobiliaria no cumple con lo que ha prometido en el protocolo de seguridad sanitaria, la obra definitivamente tendr\u00e1 que ser cerrada, hasta que se levanten las observaciones\u201d, refiri\u00f3.<\/span><\/p>\n","protected":false},"excerpt":{"rendered":"<p>Los precios de las viviendas han bajado hasta 10% ante la situaci\u00f3n actual generada por el coronavirus, se\u00f1al\u00f3 hoy el viceministro de Vivienda y Urbanismo, David Ramos. Lima, 05 Junio 2020, (ANDINA).- Los precios de las viviendas han bajado hasta 10% ante la situaci\u00f3n actual generada por el coronavirus, lo cual representa una buena oportunidad [&hellip;]<\/p>\n","protected":false},"author":1,"featured_media":73869,"comment_status":"open","ping_status":"open","sticky":false,"template":"","format":"standard","meta":{"rop_custom_images_group":[],"rop_custom_messages_group":[],"rop_publish_now":"initial","rop_publish_now_accounts":[],"rop_publish_now_history":[],"rop_publish_now_status":"pending","footnotes":""},"categories":[10,5745],"tags":[5236,5364,1557],"class_list":["post-73868","post","type-post","status-publish","format-standard","has-post-thumbnail","hentry","category-actualidad-municipal","category-lo-ultimo","tag-coronavirus","tag-covid-19","tag-ministerio-de-vivienda"],"_links":{"self":[{"href":"https:\/\/elinformanteperu.com\/index.php\/wp-json\/wp\/v2\/posts\/73868","targetHints":{"allow":["GET"]}}],"collection":[{"href":"https:\/\/elinformanteperu.com\/index.php\/wp-json\/wp\/v2\/posts"}],"about":[{"href":"https:\/\/elinformanteperu.com\/index.php\/wp-json\/wp\/v2\/types\/post"}],"author":[{"embeddable":true,"href":"https:\/\/elinformanteperu.com\/index.php\/wp-json\/wp\/v2\/users\/1"}],"replies":[{"embeddable":true,"href":"https:\/\/elinformanteperu.com\/index.php\/wp-json\/wp\/v2\/comments?post=73868"}],"version-history":[{"count":1,"href":"https:\/\/elinformanteperu.com\/index.php\/wp-json\/wp\/v2\/posts\/73868\/revisions"}],"predecessor-version":[{"id":73870,"href":"https:\/\/elinformanteperu.com\/index.php\/wp-json\/wp\/v2\/posts\/73868\/revisions\/73870"}],"wp:featuredmedia":[{"embeddable":true,"href":"https:\/\/elinformanteperu.com\/index.php\/wp-json\/wp\/v2\/media\/73869"}],"wp:attachment":[{"href":"https:\/\/elinformanteperu.com\/index.php\/wp-json\/wp\/v2\/media?parent=73868"}],"wp:term":[{"taxonomy":"category","embeddable":true,"href":"https:\/\/elinformanteperu.com\/index.php\/wp-json\/wp\/v2\/categories?post=73868"},{"taxonomy":"post_tag","embeddable":true,"href":"https:\/\/elinformanteperu.com\/index.php\/wp-json\/wp\/v2\/tags?post=73868"}],"curies":[{"name":"wp","href":"https:\/\/api.w.org\/{rel}","templated":true}]}}