{"id":73612,"date":"2020-06-04T20:11:08","date_gmt":"2020-06-05T01:11:08","guid":{"rendered":"http:\/\/elinformanteperu.com\/?p=73612"},"modified":"2020-06-04T20:11:08","modified_gmt":"2020-06-05T01:11:08","slug":"juan-carlos-bazalar-volvio-a-dar-positivo-en-la-prueba-de-covid-19","status":"publish","type":"post","link":"https:\/\/elinformanteperu.com\/index.php\/2020\/06\/04\/juan-carlos-bazalar-volvio-a-dar-positivo-en-la-prueba-de-covid-19\/","title":{"rendered":"Juan Carlos Bazalar volvi\u00f3 a dar positivo en la prueba de covid-19"},"content":{"rendered":"<p><strong><span style=\"color: #000000;\">El exfutbolista peruano Juan Carlos Bazalar no pasa bien, ya que volvi\u00f3 a someterse a una prueba de covid-19 y otra vez sali\u00f3 positivo.<\/span><\/strong><\/p>\n<p><span style=\"color: #000000;\"><strong>Lima, 04 Junio 2020, (ANDINA).-<\/strong> El exfutbolista peruano Juan Carlos Bazalar no pasa bien, ya que volvi\u00f3 a someterse a una prueba de covid-19 y otra vez sali\u00f3 positivo cuando cumple su d\u00eda n\u00famero 14 de cuarentena tras contraer el virus. El ahora t\u00e9cnico se soprendi\u00f3 porque no tiene ning\u00fan s\u00edntoma.<\/span><\/p>\n<p><span style=\"color: #000000;\">\u00abQuiero contarles que hoy, despu\u00e9s de 14 d\u00edas en aislamiento cumpliendo con los protocolos, me volvieron hacer una prueba r\u00e1pida y volv\u00ed a dar positivo de covid-19. No contaba con esta noticia ya que no tengo s\u00edntomas\u00bb, coment\u00f3 Bazalar.<\/span><\/p>\n<p><span style=\"color: #000000;\">Asimismo, el &#8216;entrenador del Credicoop de Juliaca exhort\u00f3 a la poblaci\u00f3n a acatar las medidas sanitarias que est\u00e1 indicando el Gobierno.<\/span><\/p>\n<p><span style=\"color: #000000;\">\u00abEn ese momento llam\u00e9 r\u00e1pidamente a mi familia a poder comunicarle que se cuiden mucho m\u00e1s y que eviten salir de casa. Afectado con esta noticia seguir\u00e9 con aislamiento y pedirles que sean conscientes de la situaci\u00f3n, prot\u00e9janse lo que m\u00e1s puedan\u00bb, sostuvo.<\/span><\/p>\n<p><img fetchpriority=\"high\" decoding=\"async\" class=\"aligncenter size-full wp-image-73101\" src=\"http:\/\/elinformanteperu.com\/wp-content\/uploads\/2020\/06\/coronavirus-atencion9.jpg\" alt=\"\" width=\"1800\" height=\"1200\" srcset=\"https:\/\/elinformanteperu.com\/wp-content\/uploads\/2020\/06\/coronavirus-atencion9.jpg 1800w, https:\/\/elinformanteperu.com\/wp-content\/uploads\/2020\/06\/coronavirus-atencion9-300x200.jpg 300w, https:\/\/elinformanteperu.com\/wp-content\/uploads\/2020\/06\/coronavirus-atencion9-1024x683.jpg 1024w, https:\/\/elinformanteperu.com\/wp-content\/uploads\/2020\/06\/coronavirus-atencion9-768x512.jpg 768w, https:\/\/elinformanteperu.com\/wp-content\/uploads\/2020\/06\/coronavirus-atencion9-1536x1024.jpg 1536w\" sizes=\"(max-width: 1800px) 100vw, 1800px\" \/><\/p>\n","protected":false},"excerpt":{"rendered":"<p>El exfutbolista peruano Juan Carlos Bazalar no pasa bien, ya que volvi\u00f3 a someterse a una prueba de covid-19 y otra vez sali\u00f3 positivo. Lima, 04 Junio 2020, (ANDINA).- El exfutbolista peruano Juan Carlos Bazalar no pasa bien, ya que volvi\u00f3 a someterse a una prueba de covid-19 y otra vez sali\u00f3 positivo cuando cumple [&hellip;]<\/p>\n","protected":false},"author":1,"featured_media":73613,"comment_status":"open","ping_status":"open","sticky":false,"template":"","format":"standard","meta":{"rop_custom_images_group":[],"rop_custom_messages_group":[],"rop_publish_now":"initial","rop_publish_now_accounts":[],"rop_publish_now_history":[],"rop_publish_now_status":"pending","footnotes":""},"categories":[8],"tags":[5236,5364,5765,5764],"class_list":["post-73612","post","type-post","status-publish","format-standard","has-post-thumbnail","hentry","category-disciplinas-deportivas","tag-coronavirus","tag-covid-19","tag-credicoop","tag-juan-carlos-bazalar"],"_links":{"self":[{"href":"https:\/\/elinformanteperu.com\/index.php\/wp-json\/wp\/v2\/posts\/73612","targetHints":{"allow":["GET"]}}],"collection":[{"href":"https:\/\/elinformanteperu.com\/index.php\/wp-json\/wp\/v2\/posts"}],"about":[{"href":"https:\/\/elinformanteperu.com\/index.php\/wp-json\/wp\/v2\/types\/post"}],"author":[{"embeddable":true,"href":"https:\/\/elinformanteperu.com\/index.php\/wp-json\/wp\/v2\/users\/1"}],"replies":[{"embeddable":true,"href":"https:\/\/elinformanteperu.com\/index.php\/wp-json\/wp\/v2\/comments?post=73612"}],"version-history":[{"count":1,"href":"https:\/\/elinformanteperu.com\/index.php\/wp-json\/wp\/v2\/posts\/73612\/revisions"}],"predecessor-version":[{"id":73614,"href":"https:\/\/elinformanteperu.com\/index.php\/wp-json\/wp\/v2\/posts\/73612\/revisions\/73614"}],"wp:featuredmedia":[{"embeddable":true,"href":"https:\/\/elinformanteperu.com\/index.php\/wp-json\/wp\/v2\/media\/73613"}],"wp:attachment":[{"href":"https:\/\/elinformanteperu.com\/index.php\/wp-json\/wp\/v2\/media?parent=73612"}],"wp:term":[{"taxonomy":"category","embeddable":true,"href":"https:\/\/elinformanteperu.com\/index.php\/wp-json\/wp\/v2\/categories?post=73612"},{"taxonomy":"post_tag","embeddable":true,"href":"https:\/\/elinformanteperu.com\/index.php\/wp-json\/wp\/v2\/tags?post=73612"}],"curies":[{"name":"wp","href":"https:\/\/api.w.org\/{rel}","templated":true}]}}