{"id":73603,"date":"2020-06-04T19:33:44","date_gmt":"2020-06-05T00:33:44","guid":{"rendered":"http:\/\/elinformanteperu.com\/?p=73603"},"modified":"2020-06-04T19:33:44","modified_gmt":"2020-06-05T00:33:44","slug":"confirmado-christian-cueva-no-continuara-en-el-pachuca-se-mexico","status":"publish","type":"post","link":"https:\/\/elinformanteperu.com\/index.php\/2020\/06\/04\/confirmado-christian-cueva-no-continuara-en-el-pachuca-se-mexico\/","title":{"rendered":"\u00a1Confirmado! Christian Cueva no continuar\u00e1 en el Pachuca se M\u00e9xico"},"content":{"rendered":"<p><strong><span style=\"color: #000000;\">Qued\u00f3 confirmado que el peruano Christian Cueva no seguir\u00e1 en el Pachuca de M\u00e9xico, as\u00ed lo anuncio el vicepresidente de esa instituci\u00f3n.<\/span><\/strong><\/p>\n<p><span style=\"color: #000000;\"><strong>Lima, 04 Junio 2020, (ANDINA).-<\/strong> Qued\u00f3 confirmado que el peruano Christian Cueva no seguir\u00e1 en el Pachuca de M\u00e9xico, as\u00ed lo anuncio el vicepresidente de esa instituci\u00f3n, Andr\u00e9s Fassi, quien dijo que no le renovar\u00e1 a fin de julio.<\/span><\/p>\n<p><span style=\"color: #000000;\">Andr\u00e9s Fassi dijo que Cueva no continuar\u00e1 en el equipo mexicano una vez finalizado su contrato a fin de junio.<\/span><\/p>\n<p><span style=\"color: #000000;\">\u00abTodos los jugadores con altos contratos abandonar\u00e1n Pachuca\u00bb, dijo Fassi al ser preguntado por la situaci\u00f3n de Cueva.<\/span><\/p>\n<p><span style=\"color: #000000;\">El jugador lleg\u00f3 a Pachuca en marzo despu\u00e9s de haber estado en Santos de Brasil durante la temporada pasada.<\/span><\/p>\n<p><span style=\"color: #000000;\">Por su parte, el Universal asegura que el vicepresidente del Boca Juniors, Juan Ram\u00f3n Riquelme \u00abendulz\u00f3\u00bb al jugador peruano para que refuerce el conjunto argentino.<\/span><\/p>\n<p><span style=\"color: #000000;\">El propio medio \u00abazteca\u00bb aseguran que Cueva cree que su ciclo en el f\u00fatbol mexicano acab\u00f3 luego de haber militado dos temporadas en el Toluca y un semestre en el Pachuca.<\/span><\/p>\n<p><span style=\"color: #000000;\">La ficha de Christian Cueva pertenece al Santos de Brasil, que desea recuperar la inversi\u00f3n realizada por el jugador de la selecci\u00f3n peruana.<\/span><\/p>\n<p><img fetchpriority=\"high\" decoding=\"async\" class=\"aligncenter size-full wp-image-59596\" src=\"http:\/\/elinformanteperu.com\/wp-content\/uploads\/2019\/11\/cueva2.jpg\" alt=\"\" width=\"1800\" height=\"1200\" srcset=\"https:\/\/elinformanteperu.com\/wp-content\/uploads\/2019\/11\/cueva2.jpg 1800w, https:\/\/elinformanteperu.com\/wp-content\/uploads\/2019\/11\/cueva2-300x200.jpg 300w, https:\/\/elinformanteperu.com\/wp-content\/uploads\/2019\/11\/cueva2-768x512.jpg 768w, https:\/\/elinformanteperu.com\/wp-content\/uploads\/2019\/11\/cueva2-1024x683.jpg 1024w, https:\/\/elinformanteperu.com\/wp-content\/uploads\/2019\/11\/cueva2-128x85.jpg 128w, https:\/\/elinformanteperu.com\/wp-content\/uploads\/2019\/11\/cueva2-32x21.jpg 32w\" sizes=\"(max-width: 1800px) 100vw, 1800px\" \/><\/p>\n","protected":false},"excerpt":{"rendered":"<p>Qued\u00f3 confirmado que el peruano Christian Cueva no seguir\u00e1 en el Pachuca de M\u00e9xico, as\u00ed lo anuncio el vicepresidente de esa instituci\u00f3n. Lima, 04 Junio 2020, (ANDINA).- Qued\u00f3 confirmado que el peruano Christian Cueva no seguir\u00e1 en el Pachuca de M\u00e9xico, as\u00ed lo anuncio el vicepresidente de esa instituci\u00f3n, Andr\u00e9s Fassi, quien dijo que no [&hellip;]<\/p>\n","protected":false},"author":1,"featured_media":73604,"comment_status":"open","ping_status":"open","sticky":false,"template":"","format":"standard","meta":{"rop_custom_images_group":[],"rop_custom_messages_group":[],"rop_publish_now":"initial","rop_publish_now_accounts":[],"rop_publish_now_history":[],"rop_publish_now_status":"pending","footnotes":""},"categories":[8],"tags":[2642,89,5287,1177],"class_list":["post-73603","post","type-post","status-publish","format-standard","has-post-thumbnail","hentry","category-disciplinas-deportivas","tag-boca-juniors","tag-christian-cueva","tag-pachuca","tag-santos-de-brasil"],"_links":{"self":[{"href":"https:\/\/elinformanteperu.com\/index.php\/wp-json\/wp\/v2\/posts\/73603","targetHints":{"allow":["GET"]}}],"collection":[{"href":"https:\/\/elinformanteperu.com\/index.php\/wp-json\/wp\/v2\/posts"}],"about":[{"href":"https:\/\/elinformanteperu.com\/index.php\/wp-json\/wp\/v2\/types\/post"}],"author":[{"embeddable":true,"href":"https:\/\/elinformanteperu.com\/index.php\/wp-json\/wp\/v2\/users\/1"}],"replies":[{"embeddable":true,"href":"https:\/\/elinformanteperu.com\/index.php\/wp-json\/wp\/v2\/comments?post=73603"}],"version-history":[{"count":1,"href":"https:\/\/elinformanteperu.com\/index.php\/wp-json\/wp\/v2\/posts\/73603\/revisions"}],"predecessor-version":[{"id":73605,"href":"https:\/\/elinformanteperu.com\/index.php\/wp-json\/wp\/v2\/posts\/73603\/revisions\/73605"}],"wp:featuredmedia":[{"embeddable":true,"href":"https:\/\/elinformanteperu.com\/index.php\/wp-json\/wp\/v2\/media\/73604"}],"wp:attachment":[{"href":"https:\/\/elinformanteperu.com\/index.php\/wp-json\/wp\/v2\/media?parent=73603"}],"wp:term":[{"taxonomy":"category","embeddable":true,"href":"https:\/\/elinformanteperu.com\/index.php\/wp-json\/wp\/v2\/categories?post=73603"},{"taxonomy":"post_tag","embeddable":true,"href":"https:\/\/elinformanteperu.com\/index.php\/wp-json\/wp\/v2\/tags?post=73603"}],"curies":[{"name":"wp","href":"https:\/\/api.w.org\/{rel}","templated":true}]}}