{"id":72833,"date":"2020-05-29T23:57:57","date_gmt":"2020-05-30T04:57:57","guid":{"rendered":"http:\/\/elinformanteperu.com\/?p=72833"},"modified":"2020-05-29T23:57:57","modified_gmt":"2020-05-30T04:57:57","slug":"servicio-militar-para-quien-incumpla-inmovilizacion-plantea-podemos","status":"publish","type":"post","link":"https:\/\/elinformanteperu.com\/index.php\/2020\/05\/29\/servicio-militar-para-quien-incumpla-inmovilizacion-plantea-podemos\/","title":{"rendered":"Servicio militar para quien incumpla inmovilizaci\u00f3n, plantea Podemos"},"content":{"rendered":"<p><strong><span style=\"color: #000000;\">La bancada de Podemos Per\u00fa present\u00f3 un proyecto de ley que establece de manera excepcional el servicio militar obligatorio y acuartelado.<\/span><\/strong><\/p>\n<p><span style=\"color: #000000;\"><strong>Lima, 29 Mayo 2020, (ANDINA).<\/strong>&#8211; La bancada de Podemos Per\u00fa present\u00f3 un proyecto de ley que establece de manera excepcional el servicio militar obligatorio y acuartelado para las personas de 18 a 25 a\u00f1os que incumplan el toque de queda (inmovilizaci\u00f3n social obligatoria) durante el estado de emergencia nacional.<\/span><\/p>\n<p><span style=\"color: #000000;\">Seg\u00fan la iniciativa legislativa N\u00b0 5368, elaborada por el congresista Luis Felipe Castillo, los que incumplan la inmovilizaci\u00f3n ser\u00e1n puestos a disposici\u00f3n de las Fuerzas Armadas para que realicen el servicio militar obligatorio y acuartelado por espacio de seis meses.<\/span><\/p>\n<p><span style=\"color: #000000;\">Para ello, modifica el art\u00edculo 6 de la Ley N\u00b0 29248, Ley del Servicio Militar.<\/span><\/p>\n<p><strong><span style=\"color: #000000;\">Excepciones<\/span><\/strong><\/p>\n<p><span style=\"color: #000000;\">Estar\u00e1n exceptuados de esta disposici\u00f3n, los ciudadanos que acrediten de manera fehaciente estar cursando estudios y\/o desarrollen alguna actividad productiva debidamente autorizada.<\/span><\/p>\n<p><span style=\"color: #000000;\">De igual forma, quienes dieran positivo en la prueba covid-19, las que pudieran tener enfermedad que ponga en riesgo su vida o la de terceros y los que presenten discapacidad f\u00edsica o mental.<\/span><\/p>\n<p><span style=\"color: #000000;\">Asimismo, deber\u00e1n justificar los motivos por los que no pudieron cumplir con la inmovilizaci\u00f3n social obligatoria.<\/span><\/p>\n<p><span style=\"color: #000000;\">El proyecto de ley considera que el Ministerio de Defensa establezca los protocolos correspondientes para el desarrollo de las disposiciones que contempla.<\/span><\/p>\n<p><span style=\"color: #000000;\">Este servicio militar obligatorio excepcional se implementar\u00e1 mediante financiamiento con cargo al presupuesto asignado a cada instituci\u00f3n de las Fuerzas Armadas, sin generar egresos adicionales al Tesoro P\u00fablico, precisa la iniciativa legislativa.<\/span><\/p>\n","protected":false},"excerpt":{"rendered":"<p>La bancada de Podemos Per\u00fa present\u00f3 un proyecto de ley que establece de manera excepcional el servicio militar obligatorio y acuartelado. Lima, 29 Mayo 2020, (ANDINA).&#8211; La bancada de Podemos Per\u00fa present\u00f3 un proyecto de ley que establece de manera excepcional el servicio militar obligatorio y acuartelado para las personas de 18 a 25 a\u00f1os [&hellip;]<\/p>\n","protected":false},"author":1,"featured_media":72834,"comment_status":"open","ping_status":"open","sticky":false,"template":"","format":"standard","meta":{"rop_custom_images_group":[],"rop_custom_messages_group":[],"rop_publish_now":"initial","rop_publish_now_accounts":[],"rop_publish_now_history":[],"rop_publish_now_status":"pending","footnotes":""},"categories":[5],"tags":[192,2953],"class_list":["post-72833","post","type-post","status-publish","format-standard","has-post-thumbnail","hentry","category-actualidad-informativa","tag-congreso","tag-podemos-peru"],"_links":{"self":[{"href":"https:\/\/elinformanteperu.com\/index.php\/wp-json\/wp\/v2\/posts\/72833","targetHints":{"allow":["GET"]}}],"collection":[{"href":"https:\/\/elinformanteperu.com\/index.php\/wp-json\/wp\/v2\/posts"}],"about":[{"href":"https:\/\/elinformanteperu.com\/index.php\/wp-json\/wp\/v2\/types\/post"}],"author":[{"embeddable":true,"href":"https:\/\/elinformanteperu.com\/index.php\/wp-json\/wp\/v2\/users\/1"}],"replies":[{"embeddable":true,"href":"https:\/\/elinformanteperu.com\/index.php\/wp-json\/wp\/v2\/comments?post=72833"}],"version-history":[{"count":1,"href":"https:\/\/elinformanteperu.com\/index.php\/wp-json\/wp\/v2\/posts\/72833\/revisions"}],"predecessor-version":[{"id":72835,"href":"https:\/\/elinformanteperu.com\/index.php\/wp-json\/wp\/v2\/posts\/72833\/revisions\/72835"}],"wp:featuredmedia":[{"embeddable":true,"href":"https:\/\/elinformanteperu.com\/index.php\/wp-json\/wp\/v2\/media\/72834"}],"wp:attachment":[{"href":"https:\/\/elinformanteperu.com\/index.php\/wp-json\/wp\/v2\/media?parent=72833"}],"wp:term":[{"taxonomy":"category","embeddable":true,"href":"https:\/\/elinformanteperu.com\/index.php\/wp-json\/wp\/v2\/categories?post=72833"},{"taxonomy":"post_tag","embeddable":true,"href":"https:\/\/elinformanteperu.com\/index.php\/wp-json\/wp\/v2\/tags?post=72833"}],"curies":[{"name":"wp","href":"https:\/\/api.w.org\/{rel}","templated":true}]}}