{"id":72802,"date":"2020-05-29T21:24:27","date_gmt":"2020-05-30T02:24:27","guid":{"rendered":"http:\/\/elinformanteperu.com\/?p=72802"},"modified":"2020-05-29T21:24:27","modified_gmt":"2020-05-30T02:24:27","slug":"la-libertad-fiscalia-investiga-muerte-de-cuatro-personas-en-minas","status":"publish","type":"post","link":"https:\/\/elinformanteperu.com\/index.php\/2020\/05\/29\/la-libertad-fiscalia-investiga-muerte-de-cuatro-personas-en-minas\/","title":{"rendered":"La Libertad: fiscal\u00eda investiga muerte de cuatro personas en minas"},"content":{"rendered":"<p><strong><span style=\"color: #000000;\">El Ministerio P\u00fablico abri\u00f3 investigaci\u00f3n por la muerte de dos personas en una mina informal en el cerro El Toro, ubicada en la provincia de S\u00e1nchez Carri\u00f3n.<\/span><\/strong><\/p>\n<p><span style=\"color: #000000;\"><strong>Lima, 29 Mayo 2020, (ANDINA).-<\/strong> El Ministerio P\u00fablico abri\u00f3 investigaci\u00f3n por la muerte de dos personas en una mina informal en el cerro El Toro, ubicada en la provincia de S\u00e1nchez Carri\u00f3n; y otras dos en la mina La Huacada, en la provincia de Santiago de Chuco, ambas en la regi\u00f3n La Libertad.<\/span><\/p>\n<p><span style=\"color: #000000;\">Los fiscales Jorge Luis Fern\u00e1ndez Urteaga y Carmen Pilar Paredes Aranda de las fiscal\u00edas provinciales mixtas corporativas de S\u00e1nchez Carri\u00f3n y Santiago de Chuco, respectivamente, ser\u00e1n los encargados de dirigir las investigaciones para determinar responsabilidad en el fallecimiento de estas cuatro personas.<\/span><\/p>\n<p><span style=\"color: #000000;\">Gracias al lector biom\u00e9trico Real Scan D, equipo interconectado al sistema Abis-Reniec, se pudo identificar a una de las v\u00edctimas, inform\u00f3 el antrop\u00f3logo Manuel Grados Castillo, del servicio de Antropolog\u00eda Forense de la Unidad M\u00e9dico Legal II La Libertad. A\u00fan falta identificar a una de las v\u00edctimas.<\/span><\/p>\n<p><span style=\"color: #000000;\">Este responde al nombre Wilmer Medina Jara (31), natural de Cajamarca, y se pide a sus familiares acercarse a la Unidad M\u00e9dico Legal II La Libertad, ubicada en la Prolongaci\u00f3n Uni\u00f3n 1430, urbanizaci\u00f3n R\u00e1zuri, en el cercado de Trujillo.<\/span><\/p>\n<p><span style=\"color: #000000;\">Las dos personas encontradas sin vida en la mina La Huacada habr\u00edan fallecido por asfixia.<\/span><\/p>\n<p><span style=\"color: #000000;\">Cerro El Toro<\/span><\/p>\n<p><span style=\"color: #000000;\">El 28 de mayo, el subprefecto de S\u00e1nchez Carri\u00f3n, Lorenzo Armas, inform\u00f3 que en un socav\u00f3n del cerro El Toro, en la zona conocida como El Cachito, se encontraron dos personas que hab\u00edan muerto por asfixia.<\/span><\/p>\n<p><span style=\"color: #000000;\">Armas advirti\u00f3 que la familia ya estaba velando a las v\u00edctimas sin reportar el hecho a las autoridades, debido a que due\u00f1os de las minas ilegales \u00abcompran\u00bb el silencio de los deudos.<\/span><\/p>\n","protected":false},"excerpt":{"rendered":"<p>El Ministerio P\u00fablico abri\u00f3 investigaci\u00f3n por la muerte de dos personas en una mina informal en el cerro El Toro, ubicada en la provincia de S\u00e1nchez Carri\u00f3n. Lima, 29 Mayo 2020, (ANDINA).- El Ministerio P\u00fablico abri\u00f3 investigaci\u00f3n por la muerte de dos personas en una mina informal en el cerro El Toro, ubicada en la [&hellip;]<\/p>\n","protected":false},"author":1,"featured_media":72803,"comment_status":"open","ping_status":"open","sticky":false,"template":"","format":"standard","meta":{"rop_custom_images_group":[],"rop_custom_messages_group":[],"rop_publish_now":"initial","rop_publish_now_accounts":[],"rop_publish_now_history":[],"rop_publish_now_status":"pending","footnotes":""},"categories":[10],"tags":[370],"class_list":["post-72802","post","type-post","status-publish","format-standard","has-post-thumbnail","hentry","category-actualidad-municipal","tag-ministerio-publico"],"_links":{"self":[{"href":"https:\/\/elinformanteperu.com\/index.php\/wp-json\/wp\/v2\/posts\/72802","targetHints":{"allow":["GET"]}}],"collection":[{"href":"https:\/\/elinformanteperu.com\/index.php\/wp-json\/wp\/v2\/posts"}],"about":[{"href":"https:\/\/elinformanteperu.com\/index.php\/wp-json\/wp\/v2\/types\/post"}],"author":[{"embeddable":true,"href":"https:\/\/elinformanteperu.com\/index.php\/wp-json\/wp\/v2\/users\/1"}],"replies":[{"embeddable":true,"href":"https:\/\/elinformanteperu.com\/index.php\/wp-json\/wp\/v2\/comments?post=72802"}],"version-history":[{"count":1,"href":"https:\/\/elinformanteperu.com\/index.php\/wp-json\/wp\/v2\/posts\/72802\/revisions"}],"predecessor-version":[{"id":72804,"href":"https:\/\/elinformanteperu.com\/index.php\/wp-json\/wp\/v2\/posts\/72802\/revisions\/72804"}],"wp:featuredmedia":[{"embeddable":true,"href":"https:\/\/elinformanteperu.com\/index.php\/wp-json\/wp\/v2\/media\/72803"}],"wp:attachment":[{"href":"https:\/\/elinformanteperu.com\/index.php\/wp-json\/wp\/v2\/media?parent=72802"}],"wp:term":[{"taxonomy":"category","embeddable":true,"href":"https:\/\/elinformanteperu.com\/index.php\/wp-json\/wp\/v2\/categories?post=72802"},{"taxonomy":"post_tag","embeddable":true,"href":"https:\/\/elinformanteperu.com\/index.php\/wp-json\/wp\/v2\/tags?post=72802"}],"curies":[{"name":"wp","href":"https:\/\/api.w.org\/{rel}","templated":true}]}}