{"id":72686,"date":"2020-05-28T19:34:26","date_gmt":"2020-05-29T00:34:26","guid":{"rendered":"http:\/\/elinformanteperu.com\/?p=72686"},"modified":"2020-05-28T19:34:26","modified_gmt":"2020-05-29T00:34:26","slug":"iquitos-logra-reducir-en-casi-el-70-los-casos-positivos-de-coronavirus","status":"publish","type":"post","link":"https:\/\/elinformanteperu.com\/index.php\/2020\/05\/28\/iquitos-logra-reducir-en-casi-el-70-los-casos-positivos-de-coronavirus\/","title":{"rendered":"Iquitos logra reducir en casi el 70 % los casos positivos de coronavirus"},"content":{"rendered":"<p><strong><span style=\"color: #000000;\">El gobernador regional, Elisb\u00e1n Ochoa, inform\u00f3 que se logr\u00f3 reducir en un 70 por ciento los casos positivos de la enfermedad en la ciudad de Iquitos.<\/span><\/strong><\/p>\n<p><span style=\"color: #000000;\"><strong>Lima, 28 Mayo 2020, (ANDINA).-<\/strong> Loreto comienza a ganar la guerra contra el coronavirus (covid-19). El gobernador regional, Elisb\u00e1n Ochoa, inform\u00f3 que se logr\u00f3 reducir en un 70 por ciento los casos positivos de la enfermedad en la ciudad de Iquitos, una de las m\u00e1s afectadas por la pandemia.<\/span><\/p>\n<p><span style=\"color: #000000;\">Despu\u00e9s de varias semanas de incertidumbre, Loreto registra una evoluci\u00f3n favorable en su lucha contra la pandemia de coronavirus. El gobernador regional, Elisb\u00e1n Ochoa, que la calma volvi\u00f3 a la provincia de Maynas debido que los \u00faltimos informes revelan que la ciudad de Iquitos presenta una disminuci\u00f3n del 70 por ciento de casos positivos de covid-19.<\/span><\/p>\n<p><span style=\"color: #000000;\">\u00abEmpieza a llegar la calma en la provincia de Maynas. Ha disminuido los casos de coronavirus significativamente, en especial en la ciudad de Iquitos\u00bb, subray\u00f3 Ochoa en declaraciones a RPP.<\/span><\/p>\n<p><span style=\"color: #000000;\">Sin embargo, el gobernador de Loreto alert\u00f3 que el problema se vive ahora en el resto de provincias de esta regi\u00f3n. \u00abAhora tenemos m\u00e1s experiencia, protocolos de salud definidos y una mejor asistencia del Gobierno\u00bb, acot\u00f3.<\/span><\/p>\n<p><span style=\"color: #000000;\">En ese sentido, destac\u00f3 que ayer arrib\u00f3 un nuevo equipo de m\u00e9dicos, enfermeras y personal asistencial que esta ma\u00f1ana parti\u00f3 con destino a las localidades m\u00e1s alejadas de Loreto que cuentan con centros de salud. \u00abEn estos poblados se destacar\u00e1 entre 2 a 5 m\u00e9dicos\u00bb, subray\u00f3.<\/span><\/p>\n<p><span style=\"color: #000000;\">Ochoa detall\u00f3 que este personal de salud viaj\u00f3 con destino a Caballococha, una ciudad ubicada cerca de la frontera, desde donde enrumbar\u00e1n con destino a Islandia, un poblado cercano a la frontera con Brasil; y a Santa Rosa, ubicado cerca de la frontera con Colombia. All\u00ed atender\u00e1n los casos de coronavirus que se presente en la poblaci\u00f3n local.<\/span><\/p>\n<p><span style=\"color: #000000;\">La autoridad regional agreg\u00f3 que otro grupo, conformado por m\u00e9dicos, enfermeras y t\u00e9cnicos laboratoristas, se dirigir\u00e1 a las localidades ubicadas en las provincias de Datem del Mara\u00f1\u00f3n (San Lorenzo), Requena, Ucayali (Contamana) y Alto Amazonas (Yurimaguas).<\/span><\/p>\n<p><span style=\"color: #000000;\">De otro lado, confirm\u00f3 y respald\u00f3 la decisi\u00f3n de las autoridades locales de Datem del Mara\u00f1\u00f3n de cerrar el ingreso a esa provincia debido a los contagios causados por las personas que retornan a esa zona procedente de Iquitos. \u00abEllos han decidido cerrar el ingreso a Datem del Mara\u00f1\u00f3n. Han puesto un control en el r\u00edo Mara\u00f1\u00f3n, a una hora de la capital San Lorenzo, para impedir el ingreso de embarcaciones. El cierre ser\u00e1 por dos semanas\u00bb, apunt\u00f3.<\/span><\/p>\n<p><span style=\"color: #000000;\">Por \u00faltimo, Elisb\u00e1n Ochoa anunci\u00f3 que la pr\u00f3xima semana entrar\u00e1 en funcionamiento la nueva planta de producci\u00f3n de ox\u00edgeno que adquiri\u00f3 su gesti\u00f3n y que producir\u00e1 un promedio de 80 balones de ox\u00edgeno al d\u00eda.<\/span><\/p>\n<p><span style=\"color: #000000;\">Anunci\u00f3 que en un plazo de 15 se solucionar\u00e1 en un 80 % el problema de la falta de ox\u00edgeno en Loreto y para lograr ese objetivo destac\u00f3 el trabajo que realizan las autoridades regionales, la sociedad civil y empresarios locales.<\/span><\/p>\n","protected":false},"excerpt":{"rendered":"<p>El gobernador regional, Elisb\u00e1n Ochoa, inform\u00f3 que se logr\u00f3 reducir en un 70 por ciento los casos positivos de la enfermedad en la ciudad de Iquitos. Lima, 28 Mayo 2020, (ANDINA).- Loreto comienza a ganar la guerra contra el coronavirus (covid-19). El gobernador regional, Elisb\u00e1n Ochoa, inform\u00f3 que se logr\u00f3 reducir en un 70 por [&hellip;]<\/p>\n","protected":false},"author":1,"featured_media":68310,"comment_status":"open","ping_status":"open","sticky":false,"template":"","format":"standard","meta":{"rop_custom_images_group":[],"rop_custom_messages_group":[],"rop_publish_now":"initial","rop_publish_now_accounts":[],"rop_publish_now_history":[],"rop_publish_now_status":"pending","footnotes":""},"categories":[10],"tags":[5236,5364,3648,3647,1005],"class_list":["post-72686","post","type-post","status-publish","format-standard","has-post-thumbnail","hentry","category-actualidad-municipal","tag-coronavirus","tag-covid-19","tag-elisban-ochoa","tag-gobierno-regional-de-loreto","tag-loreto"],"_links":{"self":[{"href":"https:\/\/elinformanteperu.com\/index.php\/wp-json\/wp\/v2\/posts\/72686","targetHints":{"allow":["GET"]}}],"collection":[{"href":"https:\/\/elinformanteperu.com\/index.php\/wp-json\/wp\/v2\/posts"}],"about":[{"href":"https:\/\/elinformanteperu.com\/index.php\/wp-json\/wp\/v2\/types\/post"}],"author":[{"embeddable":true,"href":"https:\/\/elinformanteperu.com\/index.php\/wp-json\/wp\/v2\/users\/1"}],"replies":[{"embeddable":true,"href":"https:\/\/elinformanteperu.com\/index.php\/wp-json\/wp\/v2\/comments?post=72686"}],"version-history":[{"count":1,"href":"https:\/\/elinformanteperu.com\/index.php\/wp-json\/wp\/v2\/posts\/72686\/revisions"}],"predecessor-version":[{"id":72687,"href":"https:\/\/elinformanteperu.com\/index.php\/wp-json\/wp\/v2\/posts\/72686\/revisions\/72687"}],"wp:featuredmedia":[{"embeddable":true,"href":"https:\/\/elinformanteperu.com\/index.php\/wp-json\/wp\/v2\/media\/68310"}],"wp:attachment":[{"href":"https:\/\/elinformanteperu.com\/index.php\/wp-json\/wp\/v2\/media?parent=72686"}],"wp:term":[{"taxonomy":"category","embeddable":true,"href":"https:\/\/elinformanteperu.com\/index.php\/wp-json\/wp\/v2\/categories?post=72686"},{"taxonomy":"post_tag","embeddable":true,"href":"https:\/\/elinformanteperu.com\/index.php\/wp-json\/wp\/v2\/tags?post=72686"}],"curies":[{"name":"wp","href":"https:\/\/api.w.org\/{rel}","templated":true}]}}