{"id":72682,"date":"2020-05-28T19:28:06","date_gmt":"2020-05-29T00:28:06","guid":{"rendered":"http:\/\/elinformanteperu.com\/?p=72682"},"modified":"2020-05-28T19:28:06","modified_gmt":"2020-05-29T00:28:06","slug":"la-vela-el-deporte-que-sera-implacable-en-el-cuidado-para-evitar-el-covid-19","status":"publish","type":"post","link":"https:\/\/elinformanteperu.com\/index.php\/2020\/05\/28\/la-vela-el-deporte-que-sera-implacable-en-el-cuidado-para-evitar-el-covid-19\/","title":{"rendered":"La vela, el deporte que ser\u00e1 implacable en el cuidado para evitar el covid-19"},"content":{"rendered":"<p><strong><span style=\"color: #000000;\">Cuando se trata de aplicar el m\u00e1ximo cuidado para evitar la propagaci\u00f3n del nuevo coronavirus en diversas disciplinas deportivas, la vela es la m\u00e1s f\u00e9rrea.<\/span><\/strong><\/p>\n<p><span style=\"color: #000000;\"><strong>Lima, 28 Mayo 2020, (ANDINA).-<\/strong> Cuando se trata de aplicar el m\u00e1ximo cuidado para evitar la propagaci\u00f3n del nuevo coronavirus en diversas disciplinas deportivas, la vela es la m\u00e1s f\u00e9rrea porque no obstante ser una actividad que carece de mayor contacto entre sus participantes tambi\u00e9n tomar\u00e1 sus precauciones.<\/span><\/p>\n<p><span style=\"color: #000000;\">El presidente de la Federaci\u00f3n Peruana de Vela (FPV), Jorge Barreda, ya present\u00f3 al Instituto Peruano del Deporte (IPD) los protocolos de bioseguridad para el regreso paulatino de los entrenamientos aislados de sus exponentes de alta competencia.<\/span><\/p>\n<p><span style=\"color: #000000;\">Barreda es consciente de que la pandemia lastima a la totalidad de la poblaci\u00f3n mundial, situaci\u00f3n que incluye a su deporte en el \u00e1mbito macro y nacional.<\/span><\/p>\n<p><span style=\"color: #000000;\">\u201cEsta pandemia afecta a la vela mundial en general y a la vela peruana en especial, porque no se puede navegar como recreo ni en competencias. Nuestra directiva est\u00e1 preocupada por el futuro inmediato de este deporte y esperamos que pronto haya una vacuna para el covid 19\u201d, indic\u00f3 el dirigente.<\/span><\/p>\n<p><span style=\"color: #000000;\">La vela es un deporte en el que no existe contacto entre quienes lo practican y carece de un p\u00fablico espectador en casi la totalidad de escenarios donde se desarrolla.<\/span><\/p>\n<p><span style=\"color: #000000;\">Para la reactivaci\u00f3n de sus actividades se confeccionar\u00e1 un listado de deportistas interesados en participar de los entrenamientos y se proceder\u00e1 a separarlos en grupos seg\u00fan clase y modalidad. Por lo menos un entrenador estar\u00e1 al mando.<\/span><\/p>\n<p><span style=\"color: #000000;\">Tambi\u00e9n se coordinar\u00e1n horarios de las pr\u00e1cticas que permitan la botadura y el varado de los distintos grupos con la finalidad de evitar las aglomeraciones durante las sesiones.<\/span><\/p>\n<p><img fetchpriority=\"high\" decoding=\"async\" class=\"aligncenter size-full wp-image-72684\" src=\"http:\/\/elinformanteperu.com\/wp-content\/uploads\/2020\/05\/vela1.jpg\" alt=\"\" width=\"500\" height=\"333\" srcset=\"https:\/\/elinformanteperu.com\/wp-content\/uploads\/2020\/05\/vela1.jpg 500w, https:\/\/elinformanteperu.com\/wp-content\/uploads\/2020\/05\/vela1-300x200.jpg 300w\" sizes=\"(max-width: 500px) 100vw, 500px\" \/><strong><span style=\"color: #000000;\">Compromiso total<\/span><\/strong><\/p>\n<p><span style=\"color: #000000;\">Cada deportista deber\u00e1 presentar una declaraci\u00f3n jurada en la que afirme que no tuvo contagio del covid-19, y que en los \u00faltimos 15 d\u00edas no present\u00f3 s\u00edntoma alguno ni convive con ninguna persona que se encuentre en la situaci\u00f3n de contagio.<\/span><\/p>\n<p><span style=\"color: #000000;\">Para los timoneles menores de edad el documento deber\u00e1 ser firmado por los padres. Si el deportista estuvo enfermo o present\u00f3 s\u00edntomas del nuevo coronavirus deber\u00e1 presentar un certificado m\u00e9dico que le permitir\u00e1 ser habilitado para la pr\u00e1ctica del deporte.<\/span><\/p>\n<p><span style=\"color: #000000;\">Los exponentes recibir\u00e1n por escrito el protocolo a cumplir y deber\u00e1n firmar un cargo de que lleg\u00f3 a sus manos. Esto implica hacerse responsables del estricto seguimiento exponi\u00e9ndose a una suspensi\u00f3n en caso de incumplimiento.<\/span><\/p>\n<p><span style=\"color: #000000;\">En forma adicional a las normas que encontrar\u00e1n dentro del protocolo, los deportistas, t\u00e9cnicos y personal de apoyo deber\u00e1n acatar las nuevas exigencias que imparta el Gobierno para evitar el avance de la pandemia.<\/span><\/p>\n<p><span style=\"color: #000000;\">Es importante destacar que todo deportista, mientras permanezca en tierra, tiene que mantener la distancia (de tres metros) y usar la mascarilla de manera obligatoria hasta el embarque.<\/span><\/p>\n<p><span style=\"color: #000000;\">Se proh\u00edbe el uso de las instalaciones del club anfitri\u00f3n (expendios, vestuarios, gimnasio y dem\u00e1s) y se suspenden las charlas t\u00e9cnicas (te\u00f3ricas) tanto previas como posteriores a la sesi\u00f3n en el agua. Los objetivos deber\u00e1n ser comunicados a los timoneles de forma virtual.<\/span><\/p>\n<p><span style=\"color: #000000;\">Adem\u00e1s, cada timonel deber\u00e1 retirarse de las instalaciones del club al terminar de lavar y guardar su equipamiento, evitando toda chance de socializaci\u00f3n.<\/span><\/p>\n<p><span style=\"color: #000000;\">La vela es un deporte n\u00e1utico que consiste en controlar la din\u00e1mica de un barco propulsado solamente por el viento en sus velas.<\/span><\/p>\n<p><span style=\"color: #000000;\">La navegaci\u00f3n, como disciplina, puede ser de recreo o de competici\u00f3n. Los torneos de vela se llaman regatas y las embarcaciones, veleros.<\/span><\/p>\n<p><span style=\"color: #000000;\">Respecto a la vela ligera tradicional, los cert\u00e1menes m\u00e1s importantes son los campeonatos del mundo de cada clase (snipe, optimist, vaurien, sunfish, etc.), y los juegos ol\u00edmpicos.<\/span><\/p>\n<p><img decoding=\"async\" class=\"aligncenter size-full wp-image-46717\" src=\"http:\/\/elinformanteperu.com\/wp-content\/uploads\/2019\/04\/ipd-iluminacion-estadio-autismo.jpg\" alt=\"\" width=\"1800\" height=\"1200\" srcset=\"https:\/\/elinformanteperu.com\/wp-content\/uploads\/2019\/04\/ipd-iluminacion-estadio-autismo.jpg 1800w, https:\/\/elinformanteperu.com\/wp-content\/uploads\/2019\/04\/ipd-iluminacion-estadio-autismo-300x200.jpg 300w, https:\/\/elinformanteperu.com\/wp-content\/uploads\/2019\/04\/ipd-iluminacion-estadio-autismo-768x512.jpg 768w, https:\/\/elinformanteperu.com\/wp-content\/uploads\/2019\/04\/ipd-iluminacion-estadio-autismo-1024x683.jpg 1024w, https:\/\/elinformanteperu.com\/wp-content\/uploads\/2019\/04\/ipd-iluminacion-estadio-autismo-128x85.jpg 128w, https:\/\/elinformanteperu.com\/wp-content\/uploads\/2019\/04\/ipd-iluminacion-estadio-autismo-32x21.jpg 32w\" sizes=\"(max-width: 1800px) 100vw, 1800px\" \/><\/p>\n","protected":false},"excerpt":{"rendered":"<p>Cuando se trata de aplicar el m\u00e1ximo cuidado para evitar la propagaci\u00f3n del nuevo coronavirus en diversas disciplinas deportivas, la vela es la m\u00e1s f\u00e9rrea. Lima, 28 Mayo 2020, (ANDINA).- Cuando se trata de aplicar el m\u00e1ximo cuidado para evitar la propagaci\u00f3n del nuevo coronavirus en diversas disciplinas deportivas, la vela es la m\u00e1s f\u00e9rrea [&hellip;]<\/p>\n","protected":false},"author":1,"featured_media":72683,"comment_status":"open","ping_status":"open","sticky":false,"template":"","format":"standard","meta":{"rop_custom_images_group":[],"rop_custom_messages_group":[],"rop_publish_now":"initial","rop_publish_now_accounts":[],"rop_publish_now_history":[],"rop_publish_now_status":"pending","footnotes":""},"categories":[8],"tags":[5236,5364,5724,417,5723],"class_list":["post-72682","post","type-post","status-publish","format-standard","has-post-thumbnail","hentry","category-disciplinas-deportivas","tag-coronavirus","tag-covid-19","tag-federacion-peruana-de-vela","tag-ipd","tag-vela"],"_links":{"self":[{"href":"https:\/\/elinformanteperu.com\/index.php\/wp-json\/wp\/v2\/posts\/72682","targetHints":{"allow":["GET"]}}],"collection":[{"href":"https:\/\/elinformanteperu.com\/index.php\/wp-json\/wp\/v2\/posts"}],"about":[{"href":"https:\/\/elinformanteperu.com\/index.php\/wp-json\/wp\/v2\/types\/post"}],"author":[{"embeddable":true,"href":"https:\/\/elinformanteperu.com\/index.php\/wp-json\/wp\/v2\/users\/1"}],"replies":[{"embeddable":true,"href":"https:\/\/elinformanteperu.com\/index.php\/wp-json\/wp\/v2\/comments?post=72682"}],"version-history":[{"count":1,"href":"https:\/\/elinformanteperu.com\/index.php\/wp-json\/wp\/v2\/posts\/72682\/revisions"}],"predecessor-version":[{"id":72685,"href":"https:\/\/elinformanteperu.com\/index.php\/wp-json\/wp\/v2\/posts\/72682\/revisions\/72685"}],"wp:featuredmedia":[{"embeddable":true,"href":"https:\/\/elinformanteperu.com\/index.php\/wp-json\/wp\/v2\/media\/72683"}],"wp:attachment":[{"href":"https:\/\/elinformanteperu.com\/index.php\/wp-json\/wp\/v2\/media?parent=72682"}],"wp:term":[{"taxonomy":"category","embeddable":true,"href":"https:\/\/elinformanteperu.com\/index.php\/wp-json\/wp\/v2\/categories?post=72682"},{"taxonomy":"post_tag","embeddable":true,"href":"https:\/\/elinformanteperu.com\/index.php\/wp-json\/wp\/v2\/tags?post=72682"}],"curies":[{"name":"wp","href":"https:\/\/api.w.org\/{rel}","templated":true}]}}