{"id":72679,"date":"2020-05-28T19:23:20","date_gmt":"2020-05-29T00:23:20","guid":{"rendered":"http:\/\/elinformanteperu.com\/?p=72679"},"modified":"2020-05-28T19:23:33","modified_gmt":"2020-05-29T00:23:33","slug":"ministro-de-deportes-de-argentina-senala-que-el-regreso-del-futbol-aun-es-lejano","status":"publish","type":"post","link":"https:\/\/elinformanteperu.com\/index.php\/2020\/05\/28\/ministro-de-deportes-de-argentina-senala-que-el-regreso-del-futbol-aun-es-lejano\/","title":{"rendered":"Ministro de deportes de Argentina se\u00f1ala que el regreso del f\u00fatbol a\u00fan es lejano"},"content":{"rendered":"<p><strong><span style=\"color: #000000;\">El ministro de Turismo y Deportes de Argentina, Mat\u00edas Lammens, dijo que la vuelta del f\u00fatbol en el pa\u00eds austral parece lejana.<\/span><\/strong><\/p>\n<p><span style=\"color: #000000;\"><strong>Buenos Aires, 28 Mayo 2020, (ANDINA).-<\/strong> El ministro de Turismo y Deportes de Argentina, Mat\u00edas Lammens, dijo que la vuelta del f\u00fatbol en el pa\u00eds austral parece lejana a pesar de que est\u00e1n trabajando en protocolos sanitarios para el retorno de la actividad en medio de la pandemia por el coronavirus.<\/span><\/p>\n<p><span style=\"color: #000000;\">\u00abVenimos hablando con el ministro de Salud (Gin\u00e9s Gonz\u00e1lez Garc\u00eda) para que las actividades deportivas, no solamente el f\u00fatbol, se vuelvan a practicar. Hoy la situaci\u00f3n en la ciudad de Buenos Aires y el gran Buenos Aires es compleja\u00bb, sostuvo el expresidente de San Lorenzo en di\u00e1logo con la radio El Destape.<\/span><\/p>\n<p><span style=\"color: #000000;\">\u00abTodos tenemos la sensaci\u00f3n de que en los \u00faltimos 15 d\u00edas no hemos avanzado, sino que en algunas situaciones hemos retrocedido. Pensar que esos protocolos puedan servir parece lejano y eso abarca al f\u00fatbol\u00bb, afirm\u00f3.<\/span><\/p>\n<p><span style=\"color: #000000;\">Sin embargo, sostuvo que \u00abse puede pensar en la vuelta de la actividad deportiva\u00bb en algunas provincias \u00abdonde hace muchos d\u00edas que no hay casos\u00bb.<\/span><\/p>\n<p><span style=\"color: #000000;\">El mandatario dijo que la Asociaci\u00f3n del F\u00fatbol Argentino (AFA) \u00abno tiene pensado\u00bb trasladar sus torneos a alguna de esas provincias.<\/span><\/p>\n<p><span style=\"color: #000000;\">\u00abSi eventualmente la AFA tomara esa decisi\u00f3n, deber\u00eda consultarnos a nosotros como estado nacional a ver si est\u00e1n dadas las condiciones sanitarias para realizarlo\u00bb, aclar\u00f3.<\/span><\/p>\n<p><span style=\"color: #000000;\">El f\u00fatbol argentino se suspendi\u00f3 el 17 de marzo y tres d\u00edas despu\u00e9s se decret\u00f3 una cuarentena obligatoria que regir\u00e1 al menos hasta el 7 de junio.<\/span><\/p>\n<p><img fetchpriority=\"high\" decoding=\"async\" class=\"aligncenter size-full wp-image-60696\" src=\"http:\/\/elinformanteperu.com\/wp-content\/uploads\/2019\/11\/river-flamengo4.jpg\" alt=\"\" width=\"1800\" height=\"1285\" srcset=\"https:\/\/elinformanteperu.com\/wp-content\/uploads\/2019\/11\/river-flamengo4.jpg 1800w, https:\/\/elinformanteperu.com\/wp-content\/uploads\/2019\/11\/river-flamengo4-300x214.jpg 300w, https:\/\/elinformanteperu.com\/wp-content\/uploads\/2019\/11\/river-flamengo4-1024x731.jpg 1024w, https:\/\/elinformanteperu.com\/wp-content\/uploads\/2019\/11\/river-flamengo4-768x548.jpg 768w, https:\/\/elinformanteperu.com\/wp-content\/uploads\/2019\/11\/river-flamengo4-1536x1097.jpg 1536w, https:\/\/elinformanteperu.com\/wp-content\/uploads\/2019\/11\/river-flamengo4-128x91.jpg 128w, https:\/\/elinformanteperu.com\/wp-content\/uploads\/2019\/11\/river-flamengo4-32x23.jpg 32w\" sizes=\"(max-width: 1800px) 100vw, 1800px\" \/><\/p>\n","protected":false},"excerpt":{"rendered":"<p>El ministro de Turismo y Deportes de Argentina, Mat\u00edas Lammens, dijo que la vuelta del f\u00fatbol en el pa\u00eds austral parece lejana. Buenos Aires, 28 Mayo 2020, (ANDINA).- El ministro de Turismo y Deportes de Argentina, Mat\u00edas Lammens, dijo que la vuelta del f\u00fatbol en el pa\u00eds austral parece lejana a pesar de que est\u00e1n [&hellip;]<\/p>\n","protected":false},"author":1,"featured_media":39184,"comment_status":"open","ping_status":"open","sticky":false,"template":"","format":"standard","meta":{"rop_custom_images_group":[],"rop_custom_messages_group":[],"rop_publish_now":"initial","rop_publish_now_accounts":[],"rop_publish_now_history":[],"rop_publish_now_status":"pending","footnotes":""},"categories":[8],"tags":[1606,172,1607,5236,5364],"class_list":["post-72679","post","type-post","status-publish","format-standard","has-post-thumbnail","hentry","category-disciplinas-deportivas","tag-afa","tag-argentina","tag-asociacion-del-futbol-argentino","tag-coronavirus","tag-covid-19"],"_links":{"self":[{"href":"https:\/\/elinformanteperu.com\/index.php\/wp-json\/wp\/v2\/posts\/72679","targetHints":{"allow":["GET"]}}],"collection":[{"href":"https:\/\/elinformanteperu.com\/index.php\/wp-json\/wp\/v2\/posts"}],"about":[{"href":"https:\/\/elinformanteperu.com\/index.php\/wp-json\/wp\/v2\/types\/post"}],"author":[{"embeddable":true,"href":"https:\/\/elinformanteperu.com\/index.php\/wp-json\/wp\/v2\/users\/1"}],"replies":[{"embeddable":true,"href":"https:\/\/elinformanteperu.com\/index.php\/wp-json\/wp\/v2\/comments?post=72679"}],"version-history":[{"count":2,"href":"https:\/\/elinformanteperu.com\/index.php\/wp-json\/wp\/v2\/posts\/72679\/revisions"}],"predecessor-version":[{"id":72681,"href":"https:\/\/elinformanteperu.com\/index.php\/wp-json\/wp\/v2\/posts\/72679\/revisions\/72681"}],"wp:featuredmedia":[{"embeddable":true,"href":"https:\/\/elinformanteperu.com\/index.php\/wp-json\/wp\/v2\/media\/39184"}],"wp:attachment":[{"href":"https:\/\/elinformanteperu.com\/index.php\/wp-json\/wp\/v2\/media?parent=72679"}],"wp:term":[{"taxonomy":"category","embeddable":true,"href":"https:\/\/elinformanteperu.com\/index.php\/wp-json\/wp\/v2\/categories?post=72679"},{"taxonomy":"post_tag","embeddable":true,"href":"https:\/\/elinformanteperu.com\/index.php\/wp-json\/wp\/v2\/tags?post=72679"}],"curies":[{"name":"wp","href":"https:\/\/api.w.org\/{rel}","templated":true}]}}