{"id":72481,"date":"2020-05-26T20:29:37","date_gmt":"2020-05-27T01:29:37","guid":{"rendered":"http:\/\/elinformanteperu.com\/?p=72481"},"modified":"2020-05-26T20:29:37","modified_gmt":"2020-05-27T01:29:37","slug":"fox-premium-anuncia-la-segunda-temporada-del-thriller-politico-aqui-en-la-tierra-con-gael-garcia-bernal","status":"publish","type":"post","link":"https:\/\/elinformanteperu.com\/index.php\/2020\/05\/26\/fox-premium-anuncia-la-segunda-temporada-del-thriller-politico-aqui-en-la-tierra-con-gael-garcia-bernal\/","title":{"rendered":"Fox Premium anuncia la segunda temporada del thriller pol\u00edtico \u00abAqu\u00ed en la tierra\u00bb con Gael Garc\u00eda Bernal"},"content":{"rendered":"<p><strong><span style=\"color: #000000;\">La serie retrata las singularidades de la pol\u00edtica latinoamericana. Se estrena el viernes 17 de julio en Fox Premium a las 10 de la noche. Un estreno todos los viernes.<\/span><\/strong><\/p>\n<p><span style=\"color: #000000;\"><strong>Lima, 26 Mayo 2020, (El Informante Per\u00fa).-<\/strong> Basado en una idea del ganador del Premio Golden Globe, Gael Garc\u00eda Bernal y Kyzza Terrazas, FOX Premium presenta la nueva entrega de \u201cAqu\u00ed en la Tierra\u201d, su serie original producida junto a \u201cLa Corriente del Golfo\u201d, que gira en torno a los cr\u00edmenes y secretos de una de las familias m\u00e1s influyentes de M\u00e9xico y explora la complejidad de las relaciones humanas a trav\u00e9s de personajes descarnados, repletos de contradicciones y ambici\u00f3n, quienes viven en un mundo del que nadie se atreve a hablar.<\/span><\/p>\n<p><img fetchpriority=\"high\" decoding=\"async\" class=\"aligncenter size-full wp-image-72484\" src=\"http:\/\/elinformanteperu.com\/wp-content\/uploads\/2020\/05\/aqui-en-la-tierra.jpg\" alt=\"\" width=\"810\" height=\"450\" srcset=\"https:\/\/elinformanteperu.com\/wp-content\/uploads\/2020\/05\/aqui-en-la-tierra.jpg 810w, https:\/\/elinformanteperu.com\/wp-content\/uploads\/2020\/05\/aqui-en-la-tierra-300x167.jpg 300w, https:\/\/elinformanteperu.com\/wp-content\/uploads\/2020\/05\/aqui-en-la-tierra-768x427.jpg 768w\" sizes=\"(max-width: 810px) 100vw, 810px\" \/><span style=\"color: #000000;\">\u201cAqu\u00ed en la Tierra\u201d cuenta con un elenco estelar compuesto por los mexicanos Garc\u00eda Bernal, Alfonso Dosal, Tenoch Huerta, Daniel Gim\u00e9nez Cacho, Yoshira Esc\u00e1rrega, la colombiana Paulina D\u00e1vila y la espa\u00f1ola Ariadna Gil. Se suman a esta nueva temporada, la mexicana nominada a los Premios Oscar y Golden Globe, Adriana Barraza y los mexicanos Natasha Dupeyron y Kristyan Ferrer.<\/span><\/p>\n<p><span style=\"color: #000000;\">La serie relata la historia de dos j\u00f3venes provenientes de las ant\u00edpodas de la sociedad y cuyos caminos se cruzaron en la infancia. Uno de ellos, Carlos (Dosal), naci\u00f3 en el seno de una familia poderosa, rodeado de lujos y privilegios. El otro, Ad\u00e1n (Huerta), es de origen humilde, hijo del jefe de la custodia de la familia de Carlos y ha crecido cerca de un gran poder pol\u00edtico y de una gran fortuna, pero siempre como testigo y nunca como part\u00edcipe. Sin embargo, ambos viven en un reino de excesos e impunidad que los sumergir\u00e1 en el lado m\u00e1s oscuro de la pol\u00edtica y las luchas por el poder.<\/span><\/p>\n<p><img decoding=\"async\" class=\"aligncenter size-full wp-image-72485\" src=\"http:\/\/elinformanteperu.com\/wp-content\/uploads\/2020\/05\/aqui-en-la-tierra3.jpg\" alt=\"\" width=\"640\" height=\"436\" srcset=\"https:\/\/elinformanteperu.com\/wp-content\/uploads\/2020\/05\/aqui-en-la-tierra3.jpg 640w, https:\/\/elinformanteperu.com\/wp-content\/uploads\/2020\/05\/aqui-en-la-tierra3-300x204.jpg 300w\" sizes=\"(max-width: 640px) 100vw, 640px\" \/><span style=\"color: #000000;\">Compuesta por ocho episodios de una hora, la segunda temporada de \u201cAqu\u00ed en la Tierra\u201d, seguir\u00e1 develando la otra cara del entramado social de M\u00e9xico y encontrar\u00e1 a Carlos asom\u00e1ndose a algunas certezas sobre la muerte de su padre Orlando, mientras Ad\u00e1n, continuar\u00e1 su ascenso pol\u00edtico y social a partir de su doble rol en el conflicto de San Marcos. La nueva entrega tendr\u00e1 como escenarios distintas locaciones en la ciudad de M\u00e9xico y sus alrededores, y sumar\u00e1 la belleza de la Patagonia argentina como escenario.<\/span><\/p>\n<p><span style=\"color: #000000;\">\u201cAqu\u00ed en la Tierra\u201d cuenta con la direcci\u00f3n de los mexicanos Gabriel Ripstein, Daniel Gim\u00e9nez Cacho y Mariana Chenillo, quien, adem\u00e1s, particip\u00f3 de la escritura junto con Terrazas y Dorantes. \u201cAqu\u00ed en la Tierra\u201d es una producci\u00f3n original de FOX Premium junto a \u201cLa Corriente del Golfo\u201d, casa productora de Gael Garc\u00eda Bernal y Diego Luna.<\/span><\/p>\n<p><img decoding=\"async\" class=\"aligncenter size-full wp-image-72486\" src=\"http:\/\/elinformanteperu.com\/wp-content\/uploads\/2020\/05\/aqui-en-la-tierra2.jpg\" alt=\"\" width=\"1200\" height=\"674\" srcset=\"https:\/\/elinformanteperu.com\/wp-content\/uploads\/2020\/05\/aqui-en-la-tierra2.jpg 1200w, https:\/\/elinformanteperu.com\/wp-content\/uploads\/2020\/05\/aqui-en-la-tierra2-300x169.jpg 300w, https:\/\/elinformanteperu.com\/wp-content\/uploads\/2020\/05\/aqui-en-la-tierra2-1024x575.jpg 1024w, https:\/\/elinformanteperu.com\/wp-content\/uploads\/2020\/05\/aqui-en-la-tierra2-768x431.jpg 768w, https:\/\/elinformanteperu.com\/wp-content\/uploads\/2020\/05\/aqui-en-la-tierra2-935x526.jpg 935w\" sizes=\"(max-width: 1200px) 100vw, 1200px\" \/><\/p>\n","protected":false},"excerpt":{"rendered":"<p>La serie retrata las singularidades de la pol\u00edtica latinoamericana. Se estrena el viernes 17 de julio en Fox Premium a las 10 de la noche. Un estreno todos los viernes. Lima, 26 Mayo 2020, (El Informante Per\u00fa).- Basado en una idea del ganador del Premio Golden Globe, Gael Garc\u00eda Bernal y Kyzza Terrazas, FOX Premium [&hellip;]<\/p>\n","protected":false},"author":1,"featured_media":72483,"comment_status":"open","ping_status":"open","sticky":false,"template":"","format":"standard","meta":{"rop_custom_images_group":[],"rop_custom_messages_group":[],"rop_publish_now":"initial","rop_publish_now_accounts":[],"rop_publish_now_history":[],"rop_publish_now_status":"pending","footnotes":""},"categories":[70],"tags":[5705,2267,5704,5367,861],"class_list":["post-72481","post","type-post","status-publish","format-standard","has-post-thumbnail","hentry","category-farandula","tag-aqui-en-la-tierra","tag-diego-luna","tag-fox-premium","tag-fox-premium-series","tag-gael-garcia-bernal"],"_links":{"self":[{"href":"https:\/\/elinformanteperu.com\/index.php\/wp-json\/wp\/v2\/posts\/72481","targetHints":{"allow":["GET"]}}],"collection":[{"href":"https:\/\/elinformanteperu.com\/index.php\/wp-json\/wp\/v2\/posts"}],"about":[{"href":"https:\/\/elinformanteperu.com\/index.php\/wp-json\/wp\/v2\/types\/post"}],"author":[{"embeddable":true,"href":"https:\/\/elinformanteperu.com\/index.php\/wp-json\/wp\/v2\/users\/1"}],"replies":[{"embeddable":true,"href":"https:\/\/elinformanteperu.com\/index.php\/wp-json\/wp\/v2\/comments?post=72481"}],"version-history":[{"count":1,"href":"https:\/\/elinformanteperu.com\/index.php\/wp-json\/wp\/v2\/posts\/72481\/revisions"}],"predecessor-version":[{"id":72487,"href":"https:\/\/elinformanteperu.com\/index.php\/wp-json\/wp\/v2\/posts\/72481\/revisions\/72487"}],"wp:featuredmedia":[{"embeddable":true,"href":"https:\/\/elinformanteperu.com\/index.php\/wp-json\/wp\/v2\/media\/72483"}],"wp:attachment":[{"href":"https:\/\/elinformanteperu.com\/index.php\/wp-json\/wp\/v2\/media?parent=72481"}],"wp:term":[{"taxonomy":"category","embeddable":true,"href":"https:\/\/elinformanteperu.com\/index.php\/wp-json\/wp\/v2\/categories?post=72481"},{"taxonomy":"post_tag","embeddable":true,"href":"https:\/\/elinformanteperu.com\/index.php\/wp-json\/wp\/v2\/tags?post=72481"}],"curies":[{"name":"wp","href":"https:\/\/api.w.org\/{rel}","templated":true}]}}