{"id":72443,"date":"2020-05-25T21:30:38","date_gmt":"2020-05-26T02:30:38","guid":{"rendered":"http:\/\/elinformanteperu.com\/?p=72443"},"modified":"2020-05-25T21:30:38","modified_gmt":"2020-05-26T02:30:38","slug":"somos-peru-elecciones-2021-deben-hacerse-con-dos-vueltas-y-voto-electronico","status":"publish","type":"post","link":"https:\/\/elinformanteperu.com\/index.php\/2020\/05\/25\/somos-peru-elecciones-2021-deben-hacerse-con-dos-vueltas-y-voto-electronico\/","title":{"rendered":"Somos Per\u00fa: Elecciones 2021 deben hacerse con dos vueltas y voto electr\u00f3nico"},"content":{"rendered":"<p><strong><span style=\"color: #000000;\">El vocero de Somos Per\u00fa, Rennan Espinoza, manifest\u00f3 que las elecciones generales del pr\u00f3ximo a\u00f1o deber\u00edan mantenerse con dos vueltas, en abril y en junio.<\/span><\/strong><\/p>\n<p><span style=\"color: #000000;\"><strong>Lima, 25 Mayo 2020, (ANDINA).-<\/strong> El vocero de Somos Per\u00fa, Rennan Espinoza, manifest\u00f3 que las elecciones generales del pr\u00f3ximo a\u00f1o deber\u00edan mantenerse con dos vueltas, en abril y en junio, as\u00ed como establecer el voto electr\u00f3nico no presencial.<\/span><\/p>\n<p><span style=\"color: #000000;\">En declaraciones a la Agencia Andina, manifest\u00f3 que un proceso de ensayo de este tipo de sufragio, propuesto por la Oficina Nacional de Procesos Electorales (ONPE), podr\u00edan las elecciones internas donde se elegir\u00edan a los representantes para el proceso electoral del 2021.<\/span><\/p>\n<p><span style=\"color: #000000;\">\u201cRespecto a las elecciones presidenciales, nosotros creemos que no deben moverse, vale decir, que tienen que ser en abril de todas maneras en primera vuelta y segunda vuelta en junio. (\u2026) Pero en el debate se escucha que la ONPE est\u00e1 en condiciones de sostener una plataforma par que los ciudadanos puedan votar de manera electr\u00f3nica no presencial y eso es importante\u201d, afirm\u00f3.<\/span><\/p>\n<p><span style=\"color: #000000;\">Record\u00f3 que esta fue una de las propuestas escuchadas en la sesi\u00f3n de la Comisi\u00f3n de Constituci\u00f3n donde se presentaron los titulares de los entes electorales, aunque dijo que era necesario que se audite el software de este tipo de votaci\u00f3n.<\/span><\/p>\n<p><span style=\"color: #000000;\">\u201cNosotros hab\u00edamos planteado suspender las elcciones internas de candidatos para las elecciones generales, con la finalidad de impedir la congregaci\u00f3n f\u00edsica de los militantes para ejercer su voto, pero si hay la opci\u00f3n de este voto electr\u00f3nico no presencial, estar\u00edamos de acuerdo con esta propuesta\u201d, a\u00f1adi\u00f3.<\/span><\/p>\n<p><strong><span style=\"color: #000000;\">Inmunidad parlamentaria<\/span><\/strong><\/p>\n<p><span style=\"color: #000000;\">Sobre la inmunidad parlamentaria, asegur\u00f3 que su bancada va por la eliminaci\u00f3n total, lo que significa que ser\u00e1 necesario reformular el texto que aparece en la Constituci\u00f3n Pol\u00edtica.<\/span><\/p>\n<p><span style=\"color: #000000;\">\u201cComo est\u00e1 redactado ha sido interpretado al antojo y mal usado, la inmunidad per se no es mala, pero este \u00faltimo (pasado) Congreso la ha deteriorado totalmente, entonces nosotros pensamos que si debe ser eliminada totalmente\u201d, se\u00f1al\u00f3.<\/span><\/p>\n<p><span style=\"color: #000000;\">Sin embargo, Espinoza precis\u00f3 que debe preservarse la protecci\u00f3n para efectos de opini\u00f3n, de voz y de voto de los parlamentarios.<\/span><\/p>\n","protected":false},"excerpt":{"rendered":"<p>El vocero de Somos Per\u00fa, Rennan Espinoza, manifest\u00f3 que las elecciones generales del pr\u00f3ximo a\u00f1o deber\u00edan mantenerse con dos vueltas, en abril y en junio. Lima, 25 Mayo 2020, (ANDINA).- El vocero de Somos Per\u00fa, Rennan Espinoza, manifest\u00f3 que las elecciones generales del pr\u00f3ximo a\u00f1o deber\u00edan mantenerse con dos vueltas, en abril y en junio, [&hellip;]<\/p>\n","protected":false},"author":1,"featured_media":65646,"comment_status":"open","ping_status":"open","sticky":false,"template":"","format":"standard","meta":{"rop_custom_images_group":[],"rop_custom_messages_group":[],"rop_publish_now":"initial","rop_publish_now_accounts":[],"rop_publish_now_history":[],"rop_publish_now_status":"pending","footnotes":""},"categories":[5],"tags":[192,5328,1536],"class_list":["post-72443","post","type-post","status-publish","format-standard","has-post-thumbnail","hentry","category-actualidad-informativa","tag-congreso","tag-rennan-espinoza","tag-somos-peru"],"_links":{"self":[{"href":"https:\/\/elinformanteperu.com\/index.php\/wp-json\/wp\/v2\/posts\/72443","targetHints":{"allow":["GET"]}}],"collection":[{"href":"https:\/\/elinformanteperu.com\/index.php\/wp-json\/wp\/v2\/posts"}],"about":[{"href":"https:\/\/elinformanteperu.com\/index.php\/wp-json\/wp\/v2\/types\/post"}],"author":[{"embeddable":true,"href":"https:\/\/elinformanteperu.com\/index.php\/wp-json\/wp\/v2\/users\/1"}],"replies":[{"embeddable":true,"href":"https:\/\/elinformanteperu.com\/index.php\/wp-json\/wp\/v2\/comments?post=72443"}],"version-history":[{"count":1,"href":"https:\/\/elinformanteperu.com\/index.php\/wp-json\/wp\/v2\/posts\/72443\/revisions"}],"predecessor-version":[{"id":72444,"href":"https:\/\/elinformanteperu.com\/index.php\/wp-json\/wp\/v2\/posts\/72443\/revisions\/72444"}],"wp:featuredmedia":[{"embeddable":true,"href":"https:\/\/elinformanteperu.com\/index.php\/wp-json\/wp\/v2\/media\/65646"}],"wp:attachment":[{"href":"https:\/\/elinformanteperu.com\/index.php\/wp-json\/wp\/v2\/media?parent=72443"}],"wp:term":[{"taxonomy":"category","embeddable":true,"href":"https:\/\/elinformanteperu.com\/index.php\/wp-json\/wp\/v2\/categories?post=72443"},{"taxonomy":"post_tag","embeddable":true,"href":"https:\/\/elinformanteperu.com\/index.php\/wp-json\/wp\/v2\/tags?post=72443"}],"curies":[{"name":"wp","href":"https:\/\/api.w.org\/{rel}","templated":true}]}}