{"id":72440,"date":"2020-05-25T21:28:32","date_gmt":"2020-05-26T02:28:32","guid":{"rendered":"http:\/\/elinformanteperu.com\/?p=72440"},"modified":"2020-05-25T21:28:32","modified_gmt":"2020-05-26T02:28:32","slug":"comision-de-reforma-del-sistema-de-pensiones-como-funcionara-y-desarrollara-su-labor","status":"publish","type":"post","link":"https:\/\/elinformanteperu.com\/index.php\/2020\/05\/25\/comision-de-reforma-del-sistema-de-pensiones-como-funcionara-y-desarrollara-su-labor\/","title":{"rendered":"Comisi\u00f3n de reforma del sistema de pensiones: \u00bfc\u00f3mo funcionar\u00e1 y desarrollar\u00e1 su labor?"},"content":{"rendered":"<p><strong><span style=\"color: #000000;\">La comisi\u00f3n multipartidaria de la reforma del sistema previsional ya se encuentra conformada en el Congreso de la Rep\u00fablica, pero \u00bfC\u00f3mo funcionar\u00e1 y desarrollar\u00e1 su labor?<\/span><\/strong><\/p>\n<p><span style=\"color: #000000;\"><strong>Lima, 25 Mayo 2020, (ANDINA).-<\/strong> La comisi\u00f3n multipartidaria de la reforma del sistema previsional ya se encuentra conformada en el Congreso de la Rep\u00fablica, pero c\u00f3mo funcionar\u00e1 y desarrollar\u00e1 su labor para contar con renovado sistema de pensiones.<\/span><\/p>\n<p><span style=\"color: #000000;\">Como se recuerda, el pasado 16 de mayo el pleno del Congreso aprob\u00f3 la la creaci\u00f3n de esta comisi\u00f3n especial, con la finalidad de evaluar, dise\u00f1ar y proponer una reforma integral del sistema de administraci\u00f3n de fondos de pensiones (AFP), tanto privado como estatal.<\/span><\/p>\n<p><span style=\"color: #000000;\">Seg\u00fan lo aprobado, cada grupo parlamentario deber\u00e1 designar a un miembro titular y un suplente, siendo que cuanto tengan su primera reuni\u00f3n, deber\u00e1n elegir a su mesa directiva.<\/span><\/p>\n<p><span style=\"color: #000000;\">Entre las funciones que tendr\u00e1 esta comisi\u00f3n multipartidaria ser\u00e1 la de solicitar la presencia de representantes de instituciones p\u00fablicas, privadas y organizaciones gremiales debidamente reconocidos por la autoridad de trabajo.<\/span><\/p>\n<p><span style=\"color: #000000;\">Asimismo, podr\u00e1 requerir el apoyo de especialistas en materia previsional que no tengan conflictos de intereses con las reformas que se trabajaran.<\/span><\/p>\n<p><span style=\"color: #000000;\">La comisi\u00f3n especial tendr\u00e1 un plazo m\u00e1ximo de 150 d\u00edas calendario para presentar la propuesta de reforma previsional<\/span><\/p>\n<p><strong><span style=\"color: #000000;\">Plan de trabajo<\/span><\/strong><\/p>\n<p><span style=\"color: #000000;\">La comisi\u00f3n especial aprobar\u00e1 un plan de trabajo dentro de los 10 d\u00edas calendarios posteriores a su instalaci\u00f3n, el mismo que se ajustar\u00e1 al siguiente cronograma:<\/span><\/p>\n<p><span style=\"color: #000000;\"><strong>Periodo I:<\/strong> evaluaci\u00f3n del sistema y definici\u00f3n de lineamientos y criterios de reforma. Este periodo tendr\u00e1 una duraci\u00f3n m\u00e1xima de 45 d\u00edas calendarios y tendr\u00e1 por finalidad desarrollar una evaluaci\u00f3n del funcionamiento actual del sistema previsional, tanto en lo que respeta al sistema p\u00fablico y privado.<\/span><\/p>\n<p><span style=\"color: #000000;\">Durante este periodo la comisi\u00f3n tendr\u00e1 que revisar todos los proyectos de ley presentados durante el periodo parlamentario en curso y los informes elaborados or las comisiones del Poder Ejecutivo sobre la materia.<\/span><\/p>\n<p><span style=\"color: #000000;\"><strong>Periodo II:<\/strong> validaci\u00f3n de los lineamientos y criterios de la reforma. Este periodo tendr\u00e1 una duraci\u00f3n de 45 d\u00edas calendarios y su objetivo es recibir las opiniones de los especialistas.<\/span><\/p>\n<p><span style=\"color: #000000;\"><strong>Periodo III:<\/strong> elaboraci\u00f3n de la propuesta de reforma. Este periodo tendr\u00e1 una duraci\u00f3n de 30 d\u00edas calendarios y comprender\u00e1 los debates finales entre los integrantes de la comisi\u00f3n especial y la elaboraci\u00f3n y presentaci\u00f3n del anteproyecto de ley sobre reforma del sistema previsional.<\/span><\/p>\n<p><span style=\"color: #000000;\">El pleno del Congreso puede acordar una ampliaci\u00f3n de la vigencia del trabajo si as\u00ed lo requiere el grupo especial.<\/span><\/p>\n","protected":false},"excerpt":{"rendered":"<p>La comisi\u00f3n multipartidaria de la reforma del sistema previsional ya se encuentra conformada en el Congreso de la Rep\u00fablica, pero \u00bfC\u00f3mo funcionar\u00e1 y desarrollar\u00e1 su labor? Lima, 25 Mayo 2020, (ANDINA).- La comisi\u00f3n multipartidaria de la reforma del sistema previsional ya se encuentra conformada en el Congreso de la Rep\u00fablica, pero c\u00f3mo funcionar\u00e1 y desarrollar\u00e1 [&hellip;]<\/p>\n","protected":false},"author":1,"featured_media":72441,"comment_status":"open","ping_status":"open","sticky":false,"template":"","format":"standard","meta":{"rop_custom_images_group":[],"rop_custom_messages_group":[],"rop_publish_now":"initial","rop_publish_now_accounts":[],"rop_publish_now_history":[],"rop_publish_now_status":"pending","footnotes":""},"categories":[5],"tags":[1760,192,2131],"class_list":["post-72440","post","type-post","status-publish","format-standard","has-post-thumbnail","hentry","category-actualidad-informativa","tag-afp","tag-congreso","tag-onp"],"_links":{"self":[{"href":"https:\/\/elinformanteperu.com\/index.php\/wp-json\/wp\/v2\/posts\/72440","targetHints":{"allow":["GET"]}}],"collection":[{"href":"https:\/\/elinformanteperu.com\/index.php\/wp-json\/wp\/v2\/posts"}],"about":[{"href":"https:\/\/elinformanteperu.com\/index.php\/wp-json\/wp\/v2\/types\/post"}],"author":[{"embeddable":true,"href":"https:\/\/elinformanteperu.com\/index.php\/wp-json\/wp\/v2\/users\/1"}],"replies":[{"embeddable":true,"href":"https:\/\/elinformanteperu.com\/index.php\/wp-json\/wp\/v2\/comments?post=72440"}],"version-history":[{"count":1,"href":"https:\/\/elinformanteperu.com\/index.php\/wp-json\/wp\/v2\/posts\/72440\/revisions"}],"predecessor-version":[{"id":72442,"href":"https:\/\/elinformanteperu.com\/index.php\/wp-json\/wp\/v2\/posts\/72440\/revisions\/72442"}],"wp:featuredmedia":[{"embeddable":true,"href":"https:\/\/elinformanteperu.com\/index.php\/wp-json\/wp\/v2\/media\/72441"}],"wp:attachment":[{"href":"https:\/\/elinformanteperu.com\/index.php\/wp-json\/wp\/v2\/media?parent=72440"}],"wp:term":[{"taxonomy":"category","embeddable":true,"href":"https:\/\/elinformanteperu.com\/index.php\/wp-json\/wp\/v2\/categories?post=72440"},{"taxonomy":"post_tag","embeddable":true,"href":"https:\/\/elinformanteperu.com\/index.php\/wp-json\/wp\/v2\/tags?post=72440"}],"curies":[{"name":"wp","href":"https:\/\/api.w.org\/{rel}","templated":true}]}}