{"id":72437,"date":"2020-05-25T21:25:53","date_gmt":"2020-05-26T02:25:53","guid":{"rendered":"http:\/\/elinformanteperu.com\/?p=72437"},"modified":"2020-05-25T21:25:53","modified_gmt":"2020-05-26T02:25:53","slug":"impulsan-proyecto-de-ciudades-sostenibles-para-evitar-retorno-de-contaminacion","status":"publish","type":"post","link":"https:\/\/elinformanteperu.com\/index.php\/2020\/05\/25\/impulsan-proyecto-de-ciudades-sostenibles-para-evitar-retorno-de-contaminacion\/","title":{"rendered":"Impulsan proyecto de ciudades sostenibles para evitar retorno de contaminaci\u00f3n"},"content":{"rendered":"<p><strong><span style=\"color: #000000;\">El presidente de la Comisi\u00f3n de Pueblos Andinos, Lenin Baz\u00e1n destac\u00f3 la importancia de adoptar acciones conjuntas para no volver a permitir la contaminaci\u00f3n.<\/span><\/strong><\/p>\n<p><span style=\"color: #000000;\"><strong>Lima, 25 Mayo 2020, (ANDINA).-<\/strong> El presidente de la Comisi\u00f3n de Pueblos Andinos, Amaz\u00f3nicos y Afroperuanos, Ambiente y Ecolog\u00eda, Lenin Baz\u00e1n Villanueva (Frente Amplio) destac\u00f3 la importancia de adoptar acciones conjuntas para no volver a permitir la contaminaci\u00f3n y depredaci\u00f3n de la naturaleza despu\u00e9s de la pandemia del covid-19.<\/span><\/p>\n<p><span style=\"color: #000000;\">\u201cLos poderes del Estado debemos hacer un gran esfuerzo para que la reactivaci\u00f3n econ\u00f3mica, que se inicia este mes, tenga en cuenta como un tema fundamental el cuidado de la naturaleza y la biodiversidad\u201d, afirm\u00f3 en di\u00e1logo con la Agencia Andina.<\/span><\/p>\n<p><span style=\"color: #000000;\">Baz\u00e1n manifest\u00f3 que si no se establecen salvaguardas ambientales se corre el riesgo de volver a ver a un r\u00edo R\u00edmac sucio, no solo por los relaves mineros que existen como principales fuentes de contaminaci\u00f3n, sino tambi\u00e9n por los residuos s\u00f3lidos.<\/span><\/p>\n<p><span style=\"color: #000000;\">\u201cEsas salvaguardas ambientales tienen que ver con un proyecto de ley sobre ciudades sostenibles que estamos impulsando en mi comisi\u00f3n y en el que establezca, por ejemplo, que si quiero ir a la Costa Verde no ingrese en veh\u00edculos motorizados a di\u00e9sel o gasolina, sino en bicicleta\u201d, explic\u00f3.<\/span><\/p>\n<p><strong><span style=\"color: #000000;\">Transporte<\/span><\/strong><\/p>\n<p><span style=\"color: #000000;\">El legislador del Frente Amplio consider\u00f3 tambi\u00e9n que es el momento de desarrollar y que se hagan realidad las ciclov\u00edas para el transporte en Lima.<\/span><\/p>\n<p><span style=\"color: #000000;\">\u201cEn las ciudades grandes como Lima y las capitales de regi\u00f3n se deber\u00eda establecer tambi\u00e9n el uso de veh\u00edculos el\u00e9ctricos e incluso fijar una regulaci\u00f3n en el transporte para que en zonas que han sido recuperadas por la propia naturaleza no ingresen veh\u00edculos motorizados a gasolina o di\u00e9sel, sino los el\u00e9ctricos y bicicletas\u201d, recalc\u00f3.<\/span><\/p>\n<p><span style=\"color: #000000;\">As\u00ed, refiri\u00f3, no se contaminar\u00eda ni ahuyentar\u00edan a las aves que regresaron a recuperar su espacio y a las especies marinas que lograron recuperar un paisaje que es importante para impulsar el turismo en esta zona.<\/span><\/p>\n<p><span style=\"color: #000000;\">\u201cEn este momento es fundamental que nos proyectemos adem\u00e1s en cambiar la matriz energ\u00e9tica de nuestro pa\u00eds para que no solo pensemos en energ\u00eda el\u00e9ctrica, sino tambi\u00e9n en la e\u00f3lica, que se deber\u00eda impulsar a un mayor nivel\u201d.<\/span><\/p>\n<p><span style=\"color: #000000;\">Baz\u00e1n inform\u00f3 que su despacho present\u00f3 una moci\u00f3n para conformar una comisi\u00f3n multisectorial que articule los esfuerzos del Ejecutivo y el Legislativo, as\u00ed como de los pueblos ind\u00edgenas originarios y la sociedad en los temas vinculados a su grupo de trabajo desde diversas posiciones.<\/span><\/p>\n","protected":false},"excerpt":{"rendered":"<p>El presidente de la Comisi\u00f3n de Pueblos Andinos, Lenin Baz\u00e1n destac\u00f3 la importancia de adoptar acciones conjuntas para no volver a permitir la contaminaci\u00f3n. Lima, 25 Mayo 2020, (ANDINA).- El presidente de la Comisi\u00f3n de Pueblos Andinos, Amaz\u00f3nicos y Afroperuanos, Ambiente y Ecolog\u00eda, Lenin Baz\u00e1n Villanueva (Frente Amplio) destac\u00f3 la importancia de adoptar acciones conjuntas [&hellip;]<\/p>\n","protected":false},"author":1,"featured_media":72438,"comment_status":"open","ping_status":"open","sticky":false,"template":"","format":"standard","meta":{"rop_custom_images_group":[],"rop_custom_messages_group":[],"rop_publish_now":"initial","rop_publish_now_accounts":[],"rop_publish_now_history":[],"rop_publish_now_status":"pending","footnotes":""},"categories":[5],"tags":[192,158],"class_list":["post-72437","post","type-post","status-publish","format-standard","has-post-thumbnail","hentry","category-actualidad-informativa","tag-congreso","tag-frente-amplio"],"_links":{"self":[{"href":"https:\/\/elinformanteperu.com\/index.php\/wp-json\/wp\/v2\/posts\/72437","targetHints":{"allow":["GET"]}}],"collection":[{"href":"https:\/\/elinformanteperu.com\/index.php\/wp-json\/wp\/v2\/posts"}],"about":[{"href":"https:\/\/elinformanteperu.com\/index.php\/wp-json\/wp\/v2\/types\/post"}],"author":[{"embeddable":true,"href":"https:\/\/elinformanteperu.com\/index.php\/wp-json\/wp\/v2\/users\/1"}],"replies":[{"embeddable":true,"href":"https:\/\/elinformanteperu.com\/index.php\/wp-json\/wp\/v2\/comments?post=72437"}],"version-history":[{"count":1,"href":"https:\/\/elinformanteperu.com\/index.php\/wp-json\/wp\/v2\/posts\/72437\/revisions"}],"predecessor-version":[{"id":72439,"href":"https:\/\/elinformanteperu.com\/index.php\/wp-json\/wp\/v2\/posts\/72437\/revisions\/72439"}],"wp:featuredmedia":[{"embeddable":true,"href":"https:\/\/elinformanteperu.com\/index.php\/wp-json\/wp\/v2\/media\/72438"}],"wp:attachment":[{"href":"https:\/\/elinformanteperu.com\/index.php\/wp-json\/wp\/v2\/media?parent=72437"}],"wp:term":[{"taxonomy":"category","embeddable":true,"href":"https:\/\/elinformanteperu.com\/index.php\/wp-json\/wp\/v2\/categories?post=72437"},{"taxonomy":"post_tag","embeddable":true,"href":"https:\/\/elinformanteperu.com\/index.php\/wp-json\/wp\/v2\/tags?post=72437"}],"curies":[{"name":"wp","href":"https:\/\/api.w.org\/{rel}","templated":true}]}}