{"id":72434,"date":"2020-05-25T21:20:24","date_gmt":"2020-05-26T02:20:24","guid":{"rendered":"http:\/\/elinformanteperu.com\/?p=72434"},"modified":"2020-05-25T21:20:24","modified_gmt":"2020-05-26T02:20:24","slug":"crisis-sanitaria-es-oportuna-para-difundir-ventajas-de-la-formalizacion","status":"publish","type":"post","link":"https:\/\/elinformanteperu.com\/index.php\/2020\/05\/25\/crisis-sanitaria-es-oportuna-para-difundir-ventajas-de-la-formalizacion\/","title":{"rendered":"Crisis sanitaria es oportuna para difundir ventajas de la formalizaci\u00f3n"},"content":{"rendered":"<p><strong><span style=\"color: #000000;\">El presidente de Peruc\u00e1maras, sostuvo que la situaci\u00f3n de crisis sanitaria por el coronavirus est\u00e1 dando mensajes claros sobre los beneficios de operar en el lado formal de la econom\u00eda.<\/span><\/strong><\/p>\n<p><span style=\"color: #000000;\"><strong>Lima, 25 Mayo 2020, (ANDINA).-<\/strong> El presidente de Peruc\u00e1maras, Carlos Durand, sostuvo que la situaci\u00f3n de crisis sanitaria por el coronavirus que afronta el pa\u00eds est\u00e1 dando mensajes claros sobre los beneficios de operar en el lado formal de la econom\u00eda.<\/span><\/p>\n<p><span style=\"color: #000000;\">\u00abUn ejemplo de ello lo vemos con el Programa Reactiva Per\u00fa. Hay un gran segmento de empresarios, sobre todo infornaled, que no podr\u00e1n acceder a estos recursos\u00bb, declar\u00f3 a la Agencia Andina.<\/span><\/p>\n<p><span style=\"color: #000000;\">Subray\u00f3 que si se aprovecha esta oportunidad para darles a conocer los beneficios de la formalidad, ello podr\u00eda ser un buen incentivo para atraerlos a la formalidad.<\/span><\/p>\n<p><span style=\"color: #000000;\">\u00abLa crisis sanitaria es un remez\u00f3n para que las empresas informales conozcan mejor las ventajas de estar en el lado formal de la econom\u00eda\u00bb, manifest\u00f3.<\/span><\/p>\n<p><span style=\"color: #000000;\">La ministra de la Producci\u00f3n, Roc\u00edo Barrios, anunci\u00f3 recientemente un conjunto de incentivos para la formalizaci\u00f3n de la micro y peque\u00f1a empresa (mype).<\/span><\/p>\n<p><span style=\"color: #000000;\">Entre ellos figuran mayor acceso al cr\u00e9dito, servicios gratuitos en las CITE, asesoramiento para obtener registro sanitario, participaci\u00f3n en ferias virtuales y participaci\u00f3n en los programas de Compras a MYPEr\u00fa.<\/span><\/p>\n<p><span style=\"color: #000000;\">No obstante, Dur\u00e1n dijo que tambi\u00e9n es necesario trabajar en una reforma estructural completa en el sistema tributario en el pa\u00eds.<\/span><\/p>\n<p><span style=\"color: #000000;\">\u00abMientras m\u00e1s r\u00e1pido comencemos terminaremos pronto\u00bb, enfatiz\u00f3 el presidente de Peruc\u00e1maras.<\/span><\/p>\n<p><span style=\"color: #000000;\">Durand consider\u00f3 conveniente que las autoridades comiencen a sensibilizar sobre los riesgos que implica operar en el lado informal de la econom\u00eda.<\/span><\/p>\n<p><span style=\"color: #000000;\">Dijo que las empresas informales representan una amplia parte de la econom\u00eda es invisible. \u00abSabemos que est\u00e1 all\u00ed pero no hay capacidad para llegar a todas ellas con ayuda\u00bb.<\/span><\/p>\n<p><span style=\"color: #000000;\">Subray\u00f3 que tambi\u00e9n es una buena oportunidad para comenzar a ampliar la base de contribuyentes.<\/span><\/p>\n<p><span style=\"color: #000000;\">De acuerdo con Peruc\u00e1maras el 71% del empleo en el pa\u00eds es informal. \u00abPero hay regiones en las que llega a 95%\u00bb.<\/span><\/p>\n<p><span style=\"color: #000000;\">Reinicio de actividades<\/span><\/p>\n<p><span style=\"color: #000000;\">En tal sentido, Durand mencion\u00f3 que el reinicio de actividades econ\u00f3micas est\u00e1 m\u00e1s dirigido al sector formal. \u00abHay que tener presente que el nivel de informalidad en las regiones es superior a la que se registra en Lima\u00bb.<\/span><\/p>\n<p><span style=\"color: #000000;\">Sin embargo, reconoci\u00f3 que la decisi\u00f3n gubernamental de permit\u00edr el reinicio de una serie de actividades desdes est\u00e1 semana, s\u00ed tendr\u00e1 un impacto en la reactivaci\u00f3n de la econom\u00eda nacional.<\/span><\/p>\n<p><span style=\"color: #000000;\">Las empresas que puedan reiniciar sus actividades, observando los protocolos establecidos, van a hacer todos sus esfuerzos para empezar a operar, destac\u00f3.<\/span><\/p>\n<p><span style=\"color: #000000;\">Por ejemplo, mencion\u00f3 que autorizar el delivery para la entrega de bienes a domicilio ayudar\u00e1 mucho con la cadena de distribuci\u00f3n de los servicios y bienes que se pueden colocar mediante el comercio electr\u00f3nico.<\/span><\/p>\n<p><span style=\"color: #000000;\">Durand tambi\u00e9n resalt\u00f3 que el Gobierno haya adoptado medidas para simplificar los procesos de reincorporaci\u00f3n de las distintas empresas a la actividad econ\u00f3mica, a trav\u00e9s del registro de sus protocolos sanitarios, que posteriormente estar\u00e1n sujetos a fiscalizaci\u00f3n.<\/span><\/p>\n","protected":false},"excerpt":{"rendered":"<p>El presidente de Peruc\u00e1maras, sostuvo que la situaci\u00f3n de crisis sanitaria por el coronavirus est\u00e1 dando mensajes claros sobre los beneficios de operar en el lado formal de la econom\u00eda. Lima, 25 Mayo 2020, (ANDINA).- El presidente de Peruc\u00e1maras, Carlos Durand, sostuvo que la situaci\u00f3n de crisis sanitaria por el coronavirus que afronta el pa\u00eds [&hellip;]<\/p>\n","protected":false},"author":1,"featured_media":72435,"comment_status":"open","ping_status":"open","sticky":false,"template":"","format":"standard","meta":{"rop_custom_images_group":[],"rop_custom_messages_group":[],"rop_publish_now":"initial","rop_publish_now_accounts":[],"rop_publish_now_history":[],"rop_publish_now_status":"pending","footnotes":""},"categories":[10],"tags":[640,4730,3181],"class_list":["post-72434","post","type-post","status-publish","format-standard","has-post-thumbnail","hentry","category-actualidad-municipal","tag-mypes","tag-perucamaras","tag-pymes"],"_links":{"self":[{"href":"https:\/\/elinformanteperu.com\/index.php\/wp-json\/wp\/v2\/posts\/72434","targetHints":{"allow":["GET"]}}],"collection":[{"href":"https:\/\/elinformanteperu.com\/index.php\/wp-json\/wp\/v2\/posts"}],"about":[{"href":"https:\/\/elinformanteperu.com\/index.php\/wp-json\/wp\/v2\/types\/post"}],"author":[{"embeddable":true,"href":"https:\/\/elinformanteperu.com\/index.php\/wp-json\/wp\/v2\/users\/1"}],"replies":[{"embeddable":true,"href":"https:\/\/elinformanteperu.com\/index.php\/wp-json\/wp\/v2\/comments?post=72434"}],"version-history":[{"count":1,"href":"https:\/\/elinformanteperu.com\/index.php\/wp-json\/wp\/v2\/posts\/72434\/revisions"}],"predecessor-version":[{"id":72436,"href":"https:\/\/elinformanteperu.com\/index.php\/wp-json\/wp\/v2\/posts\/72434\/revisions\/72436"}],"wp:featuredmedia":[{"embeddable":true,"href":"https:\/\/elinformanteperu.com\/index.php\/wp-json\/wp\/v2\/media\/72435"}],"wp:attachment":[{"href":"https:\/\/elinformanteperu.com\/index.php\/wp-json\/wp\/v2\/media?parent=72434"}],"wp:term":[{"taxonomy":"category","embeddable":true,"href":"https:\/\/elinformanteperu.com\/index.php\/wp-json\/wp\/v2\/categories?post=72434"},{"taxonomy":"post_tag","embeddable":true,"href":"https:\/\/elinformanteperu.com\/index.php\/wp-json\/wp\/v2\/tags?post=72434"}],"curies":[{"name":"wp","href":"https:\/\/api.w.org\/{rel}","templated":true}]}}