{"id":72430,"date":"2020-05-25T21:15:07","date_gmt":"2020-05-26T02:15:07","guid":{"rendered":"http:\/\/elinformanteperu.com\/?p=72430"},"modified":"2020-05-25T21:15:07","modified_gmt":"2020-05-26T02:15:07","slug":"comunas-de-barranco-y-miraflores-se-unen-a-lima-para-la-implementacion-de-ciclovias","status":"publish","type":"post","link":"https:\/\/elinformanteperu.com\/index.php\/2020\/05\/25\/comunas-de-barranco-y-miraflores-se-unen-a-lima-para-la-implementacion-de-ciclovias\/","title":{"rendered":"Comunas de Barranco y Miraflores se unen a Lima para la implementaci\u00f3n de ciclov\u00edas"},"content":{"rendered":"<p><strong><span style=\"color: #000000;\">Estas v\u00edas permitir\u00e1n el desplazamiento seguro de los ciclistas en las avenidas San Mart\u00edn, Francisco Bolognesi, El Sol (Barranco), Arambur\u00fa, Angamos y Ricardo Palma (Miraflores).<\/span><\/strong><\/p>\n<p><span style=\"color: #000000;\"><strong>Lima, 25 Mayo 2020, (El Informante Per\u00fa).-<\/strong> La Municipalidad de Lima y las comunas de Miraflores y Barranco trabajar\u00e1n de manera coordinada y conjunta, con el prop\u00f3sito de ampliar una red de ciclov\u00edas seguras en la ciudad y, de esta forma, evitar la propagaci\u00f3n del COVID-19.<\/span><\/p>\n<p><span style=\"color: #000000;\">Por ese motivo, Jenny Samanez, subgerenta de Transporte No Motorizado de la Municipalidad de Lima, se reuni\u00f3 con los alcaldes Luis Molina y Jos\u00e9 Rodr\u00edguez, de los distritos mencionados, quienes fueron informados acerca del plan de trabajo de la primera etapa de los 46 km de ciclov\u00edas temporales que la comuna lime\u00f1a hab\u00eda planificado antes de la cuarentena, y cuya ejecuci\u00f3n ya est\u00e1 en marcha.<\/span><\/p>\n<p><span style=\"color: #000000;\">El alcalde de Miraflores, Luis Molina, manifest\u00f3 su inter\u00e9s en implementar ciclov\u00edas temporales en las avenidas Ricardo Palma, Arambur\u00fa y Angamos, as\u00ed como ejecutar 10 km de ciclov\u00edas permanentes.<\/span><\/p>\n<p><span style=\"color: #000000;\">Por su parte, Jos\u00e9 Rodr\u00edguez, alcalde de Barranco, indic\u00f3 que tiene un plan integral para su distrito, el cual tambi\u00e9n contempla la ampliaci\u00f3n de veredas, la ejecuci\u00f3n de 20 km de ciclov\u00edas permanentes y el reforzamiento de la seguridad en el distrito.<\/span><\/p>\n<p><span style=\"color: #000000;\">Asimismo, plante\u00f3 ejecutar una ciclov\u00eda que ir\u00e1 por la Av. San Mart\u00edn y el malec\u00f3n Paul Harris, la cual conectar\u00e1 con las ciclov\u00edas existentes de la Av. La Paz y el malec\u00f3n Armend\u00e1riz, adem\u00e1s de otros tramos por las avenidas Francisco Bolognesi, Luna Pizarro, El Sol y el jir\u00f3n Centenario.<\/span><\/p>\n<p><span style=\"color: #000000;\">Rodr\u00edguez se\u00f1al\u00f3 que esta semana presentar\u00e1 a la Municipalidad de Lima, para su aprobaci\u00f3n, el plan de acci\u00f3n de 20 km de ciclov\u00edas permanentes que espera implementar.<\/span><\/p>\n<p><img fetchpriority=\"high\" decoding=\"async\" class=\"aligncenter size-full wp-image-72432\" src=\"http:\/\/elinformanteperu.com\/wp-content\/uploads\/2020\/05\/ciclovias.jpg\" alt=\"\" width=\"989\" height=\"502\" srcset=\"https:\/\/elinformanteperu.com\/wp-content\/uploads\/2020\/05\/ciclovias.jpg 989w, https:\/\/elinformanteperu.com\/wp-content\/uploads\/2020\/05\/ciclovias-300x152.jpg 300w, https:\/\/elinformanteperu.com\/wp-content\/uploads\/2020\/05\/ciclovias-768x390.jpg 768w\" sizes=\"(max-width: 989px) 100vw, 989px\" \/><span style=\"color: #000000;\">De otro lado, la comuna lime\u00f1a inform\u00f3 a la comunidad que ha iniciado la ejecuci\u00f3n de ciclov\u00edas en el tramo de las avenidas Arequipa, Garcilaso de la Vega, Tacna y Alc\u00e1zar. Hasta el momento, se ha realizado la se\u00f1alizaci\u00f3n horizontal en los cruces, demarcaci\u00f3n de pictogramas de bicicletas y topellantas hasta la Av. Alc\u00e1zar.<\/span><\/p>\n<p><span style=\"color: #000000;\">Tambi\u00e9n se han instalado sem\u00e1foros para los ciclistas en la intersecci\u00f3n de la Av. Garcilaso de la Vega con la Av. Paseo Col\u00f3n y en el cruce de las avenidas Francisco Pizarro con Tacna, como parte de los 46 km de v\u00edas que se implementar\u00e1n. En esta primera etapa, las ciclov\u00edas temporales conectar\u00e1n con otras ya existentes.<\/span><\/p>\n<p><span style=\"color: #000000;\">Adem\u00e1s, se facilitar\u00e1 el acceso a hospitales, cl\u00ednicas, centros de salud, bancos, as\u00ed como entidades p\u00fablicas y privadas de diferentes distritos.<\/span><\/p>\n","protected":false},"excerpt":{"rendered":"<p>Estas v\u00edas permitir\u00e1n el desplazamiento seguro de los ciclistas en las avenidas San Mart\u00edn, Francisco Bolognesi, El Sol (Barranco), Arambur\u00fa, Angamos y Ricardo Palma (Miraflores). Lima, 25 Mayo 2020, (El Informante Per\u00fa).- La Municipalidad de Lima y las comunas de Miraflores y Barranco trabajar\u00e1n de manera coordinada y conjunta, con el prop\u00f3sito de ampliar una [&hellip;]<\/p>\n","protected":false},"author":1,"featured_media":72431,"comment_status":"open","ping_status":"open","sticky":false,"template":"","format":"standard","meta":{"rop_custom_images_group":[],"rop_custom_messages_group":[],"rop_publish_now":"initial","rop_publish_now_accounts":[],"rop_publish_now_history":[],"rop_publish_now_status":"pending","footnotes":""},"categories":[10],"tags":[1638,122,435],"class_list":["post-72430","post","type-post","status-publish","format-standard","has-post-thumbnail","hentry","category-actualidad-municipal","tag-municipalidad-de-barranco","tag-municipalidad-de-lima","tag-municipalidad-de-miraflores"],"_links":{"self":[{"href":"https:\/\/elinformanteperu.com\/index.php\/wp-json\/wp\/v2\/posts\/72430","targetHints":{"allow":["GET"]}}],"collection":[{"href":"https:\/\/elinformanteperu.com\/index.php\/wp-json\/wp\/v2\/posts"}],"about":[{"href":"https:\/\/elinformanteperu.com\/index.php\/wp-json\/wp\/v2\/types\/post"}],"author":[{"embeddable":true,"href":"https:\/\/elinformanteperu.com\/index.php\/wp-json\/wp\/v2\/users\/1"}],"replies":[{"embeddable":true,"href":"https:\/\/elinformanteperu.com\/index.php\/wp-json\/wp\/v2\/comments?post=72430"}],"version-history":[{"count":1,"href":"https:\/\/elinformanteperu.com\/index.php\/wp-json\/wp\/v2\/posts\/72430\/revisions"}],"predecessor-version":[{"id":72433,"href":"https:\/\/elinformanteperu.com\/index.php\/wp-json\/wp\/v2\/posts\/72430\/revisions\/72433"}],"wp:featuredmedia":[{"embeddable":true,"href":"https:\/\/elinformanteperu.com\/index.php\/wp-json\/wp\/v2\/media\/72431"}],"wp:attachment":[{"href":"https:\/\/elinformanteperu.com\/index.php\/wp-json\/wp\/v2\/media?parent=72430"}],"wp:term":[{"taxonomy":"category","embeddable":true,"href":"https:\/\/elinformanteperu.com\/index.php\/wp-json\/wp\/v2\/categories?post=72430"},{"taxonomy":"post_tag","embeddable":true,"href":"https:\/\/elinformanteperu.com\/index.php\/wp-json\/wp\/v2\/tags?post=72430"}],"curies":[{"name":"wp","href":"https:\/\/api.w.org\/{rel}","templated":true}]}}