{"id":72424,"date":"2020-05-25T21:05:22","date_gmt":"2020-05-26T02:05:22","guid":{"rendered":"http:\/\/elinformanteperu.com\/?p=72424"},"modified":"2020-05-25T21:05:22","modified_gmt":"2020-05-26T02:05:22","slug":"ministro-del-interior-vehiculo-particular-es-solo-para-emergencias","status":"publish","type":"post","link":"https:\/\/elinformanteperu.com\/index.php\/2020\/05\/25\/ministro-del-interior-vehiculo-particular-es-solo-para-emergencias\/","title":{"rendered":"Ministro del Interior: veh\u00edculo particular es solo para emergencias"},"content":{"rendered":"<p><strong><span style=\"color: #000000;\">El ministro de Interior, Gast\u00f3n Rodr\u00edguez, recalc\u00f3 que el uso del veh\u00edculo particular a partir de hoy lunes 25 de mayo est\u00e1 permitido solo en situaciones de emergencia.<\/span><\/strong><\/p>\n<p><span style=\"color: #000000;\"><strong>Lima, 25 Mayo 2020, (ANDINA).-<\/strong> El ministro de Interior, Gast\u00f3n Rodr\u00edguez, recalc\u00f3 que el uso del veh\u00edculo particular a partir de hoy lunes 25 de mayo est\u00e1 permitido solo en situaciones de emergencia o de extrema necesidad.<\/span><\/p>\n<p><span style=\"color: #000000;\">\u201cLa idea es que la cuarentena se mantenga, salvo casos excepcionales y\/o de emergencia. Claro que est\u00e1n contempladas las situaciones de emergencia. Si hay una situaci\u00f3n de este tipo, obviamente uno vuela a la cl\u00ednica local o interdistrital\u201d, se\u00f1al\u00f3 en RPP.<\/span><\/p>\n<p><span style=\"color: #000000;\">Indic\u00f3 que la restricci\u00f3n de los veh\u00edculos particulares busca permitir un control vehicular eficiente y que, por el contrario, con su uso indiscriminado, no habr\u00eda manera de lograr este objetivo.<\/span><\/p>\n<p><span style=\"color: #000000;\">Es cierto \u2013dijo- que el desplazamiento en un veh\u00edculo particular es m\u00e1s seguro que hacerlo dentro del transporte p\u00fablico, pero en este momento prima el control de los desplazamientos vehiculares por el impacto que podr\u00eda tener en la expansi\u00f3n de la pandemia por coronavirus.<\/span><\/p>\n<p><span style=\"color: #000000;\">El general Rodr\u00edguez enfatiz\u00f3 que se deben tener las normas claras y que la \u00fanica forma de explicar por qu\u00e9 uno se encuentra fuera de su vivienda es con la gesti\u00f3n de pases, cuyo tr\u00e1mite de obtenci\u00f3n ya se ha explicado oportunamente. <\/span><br \/>\n<span style=\"color: #000000;\">Coment\u00f3 que son diversas las situaciones particulares que ha experimentado la poblaci\u00f3n durante estos d\u00edas de inmovilizaci\u00f3n y que la Polic\u00eda Nacional se ha ido adaptando para darles soluci\u00f3n, pero sin abandonar el objetivo principal que es la protecci\u00f3n de la salud.<\/span><\/p>\n<p><span style=\"color: #000000;\">Ante la necesidad de una mudanza de urgencia o cambio de domicilio en los siguientes d\u00edas, el ministro se\u00f1al\u00f3 que los interesados podr\u00e1n acercarse a la comisar\u00eda de su sector para solicitar un permiso que les permita realizar dicha diligencia.<\/span><\/p>\n<p><span style=\"color: #000000;\">\u201cEsta funci\u00f3n de la Polic\u00eda (de otorgar permisos especiales) no se ha perdido. Ellos van a orientar de la mejor forma para ver la accesibilidad de ese ciudadano a un pase que le permita trasladarse, pero siempre y cuando la situaci\u00f3n sea de extremada necesidad\u201d, destac\u00f3.<\/span><\/p>\n<p><span style=\"color: #000000;\">El ministro manifest\u00f3 que el sentido de la cuarentena, en un primer momento, \u201cera medir la respuesta a nivel de contagios, pero, como se pudo ver luego, no se pudo detener y es por eso que dicha medida se ha ido prorrogando en salvaguarda de la poblaci\u00f3n\u201d.<\/span><\/p>\n","protected":false},"excerpt":{"rendered":"<p>El ministro de Interior, Gast\u00f3n Rodr\u00edguez, recalc\u00f3 que el uso del veh\u00edculo particular a partir de hoy lunes 25 de mayo est\u00e1 permitido solo en situaciones de emergencia. Lima, 25 Mayo 2020, (ANDINA).- El ministro de Interior, Gast\u00f3n Rodr\u00edguez, recalc\u00f3 que el uso del veh\u00edculo particular a partir de hoy lunes 25 de mayo est\u00e1 [&hellip;]<\/p>\n","protected":false},"author":1,"featured_media":72425,"comment_status":"open","ping_status":"open","sticky":false,"template":"","format":"standard","meta":{"rop_custom_images_group":[],"rop_custom_messages_group":[],"rop_publish_now":"initial","rop_publish_now_accounts":[],"rop_publish_now_history":[],"rop_publish_now_status":"pending","footnotes":""},"categories":[10],"tags":[5529,401,280],"class_list":["post-72424","post","type-post","status-publish","format-standard","has-post-thumbnail","hentry","category-actualidad-municipal","tag-gaston-rodriguez-limo","tag-mininter","tag-ministerio-del-interior"],"_links":{"self":[{"href":"https:\/\/elinformanteperu.com\/index.php\/wp-json\/wp\/v2\/posts\/72424","targetHints":{"allow":["GET"]}}],"collection":[{"href":"https:\/\/elinformanteperu.com\/index.php\/wp-json\/wp\/v2\/posts"}],"about":[{"href":"https:\/\/elinformanteperu.com\/index.php\/wp-json\/wp\/v2\/types\/post"}],"author":[{"embeddable":true,"href":"https:\/\/elinformanteperu.com\/index.php\/wp-json\/wp\/v2\/users\/1"}],"replies":[{"embeddable":true,"href":"https:\/\/elinformanteperu.com\/index.php\/wp-json\/wp\/v2\/comments?post=72424"}],"version-history":[{"count":1,"href":"https:\/\/elinformanteperu.com\/index.php\/wp-json\/wp\/v2\/posts\/72424\/revisions"}],"predecessor-version":[{"id":72426,"href":"https:\/\/elinformanteperu.com\/index.php\/wp-json\/wp\/v2\/posts\/72424\/revisions\/72426"}],"wp:featuredmedia":[{"embeddable":true,"href":"https:\/\/elinformanteperu.com\/index.php\/wp-json\/wp\/v2\/media\/72425"}],"wp:attachment":[{"href":"https:\/\/elinformanteperu.com\/index.php\/wp-json\/wp\/v2\/media?parent=72424"}],"wp:term":[{"taxonomy":"category","embeddable":true,"href":"https:\/\/elinformanteperu.com\/index.php\/wp-json\/wp\/v2\/categories?post=72424"},{"taxonomy":"post_tag","embeddable":true,"href":"https:\/\/elinformanteperu.com\/index.php\/wp-json\/wp\/v2\/tags?post=72424"}],"curies":[{"name":"wp","href":"https:\/\/api.w.org\/{rel}","templated":true}]}}