{"id":72379,"date":"2020-05-25T19:03:57","date_gmt":"2020-05-26T00:03:57","guid":{"rendered":"http:\/\/elinformanteperu.com\/?p=72379"},"modified":"2020-05-25T19:03:57","modified_gmt":"2020-05-26T00:03:57","slug":"susana-baca-canta-contigo-peru-en-disco-a-capella-hecho-en-cuarentena","status":"publish","type":"post","link":"https:\/\/elinformanteperu.com\/index.php\/2020\/05\/25\/susana-baca-canta-contigo-peru-en-disco-a-capella-hecho-en-cuarentena\/","title":{"rendered":"Susana Baca canta \u00abContigo Per\u00fa\u00bb en disco \u00abA Capella\u00bb hecho en cuarentena"},"content":{"rendered":"<p><strong><span style=\"color: #000000;\">Susana Baca ofrece al mundo su arte para mitigar el aislamiento social producto del covid -19. Desde su confinamiento, en su casa de Santa B\u00e1rbara, en Ca\u00f1ete, lpresenta \u201cA Capella\u201d.<\/span><\/strong><\/p>\n<p><span style=\"color: #000000;\"><strong>Lima, 25 Mayo 2020, (ANDINA).-<\/strong> Sensible y consecuente, Susana Baca ofrece al mundo su arte para mitigar el aislamiento social producto del covid -19. Desde su confinamiento, en su casa de Santa B\u00e1rbara, en Ca\u00f1ete, la Dama del World Music presenta \u201cA Capella\u201d, nuevo disco que ya est\u00e1 disponible en las principales plataformas digitales como Spotify, Apple Music y YouTube, distribuido por Play Music Per\u00fa.<\/span><\/p>\n<p><span style=\"color: #000000;\">\u201cEl ser del artista es hacer de su vida un oficio que acompa\u00f1e la vida\u2026 La cuarentena provocada por la \u00faltima pandemia que asola nuestro planeta y nuestro pa\u00eds, es un desaf\u00edo para quien hace de su arte el motor de su vida\u201d, afirma la ex Ministra de Cultura del Per\u00fa y dos veces ganadora del Grammy Latino. Desaf\u00edo que ella asume con compromiso.<\/span><\/p>\n<p><span style=\"color: #000000;\">\u201cEl dolor, la muerte y el desasosiego que cunde en la vida de tantos hombres y mujeres de nuestros pueblos, que miran el lento paso del tiempo en la esperanza de salir con vida y ojal\u00e1 adelante, con una renovada esperanza, me han llevado a la necesidad de cantar, y al cantarles, tambi\u00e9n sacarme del alma la tristeza y la impotencia\u201d, sostiene la artista, ganadora del Premio Nacional de la Cultura 2017.<\/span><\/p>\n<p><span style=\"color: #000000;\">Ricardo Pereira, productor de esta iniciativa y su c\u00f3mplice de vida, la impuls\u00f3 a buscar un repertorio en el ba\u00fal de sus recuerdos. \u201cMe anim\u00f3 a cantar tantas m\u00fasicas guardadas y as\u00ed, desnuda de otros instrumentos musicales, pero desnuda tambi\u00e9n en mi voz, llenarlas de la m\u00fasica natural de mi ser\u201d, sostiene Susana.<\/span><\/p>\n<p><span style=\"color: #000000;\">\u201cEspero que este disco, azaroso, donde extra\u00f1\u00e9 a los m\u00fasicos, mis compa\u00f1eros de trabajo, pueda darles a quienes me escuchen esa fuerza extra\u00f1a que tenemos guardada en el coraz\u00f3n. Ojal\u00e1 les guste, tambi\u00e9n pienso en el desaf\u00edo inmenso de hacerlo en la soledad, pero, como dicen los amigos a quienes consult\u00e9: el que canta, canta\u201d, acota la artista.<\/span><\/p>\n<p><iframe title=\"Contigo Per\u00fa\" width=\"615\" height=\"461\" src=\"https:\/\/www.youtube.com\/embed\/QnZiRQEfp7s?feature=oembed\" frameborder=\"0\" allow=\"accelerometer; autoplay; clipboard-write; encrypted-media; gyroscope; picture-in-picture; web-share\" referrerpolicy=\"strict-origin-when-cross-origin\" allowfullscreen><\/iframe><\/p>\n","protected":false},"excerpt":{"rendered":"<p>Susana Baca ofrece al mundo su arte para mitigar el aislamiento social producto del covid -19. Desde su confinamiento, en su casa de Santa B\u00e1rbara, en Ca\u00f1ete, lpresenta \u201cA Capella\u201d. Lima, 25 Mayo 2020, (ANDINA).- Sensible y consecuente, Susana Baca ofrece al mundo su arte para mitigar el aislamiento social producto del covid -19. Desde [&hellip;]<\/p>\n","protected":false},"author":1,"featured_media":72380,"comment_status":"open","ping_status":"open","sticky":false,"template":"","format":"standard","meta":{"rop_custom_images_group":[],"rop_custom_messages_group":[],"rop_publish_now":"initial","rop_publish_now_accounts":[],"rop_publish_now_history":[],"rop_publish_now_status":"pending","footnotes":""},"categories":[69],"tags":[3432],"class_list":["post-72379","post","type-post","status-publish","format-standard","has-post-thumbnail","hentry","category-musica","tag-susana-baca"],"_links":{"self":[{"href":"https:\/\/elinformanteperu.com\/index.php\/wp-json\/wp\/v2\/posts\/72379","targetHints":{"allow":["GET"]}}],"collection":[{"href":"https:\/\/elinformanteperu.com\/index.php\/wp-json\/wp\/v2\/posts"}],"about":[{"href":"https:\/\/elinformanteperu.com\/index.php\/wp-json\/wp\/v2\/types\/post"}],"author":[{"embeddable":true,"href":"https:\/\/elinformanteperu.com\/index.php\/wp-json\/wp\/v2\/users\/1"}],"replies":[{"embeddable":true,"href":"https:\/\/elinformanteperu.com\/index.php\/wp-json\/wp\/v2\/comments?post=72379"}],"version-history":[{"count":1,"href":"https:\/\/elinformanteperu.com\/index.php\/wp-json\/wp\/v2\/posts\/72379\/revisions"}],"predecessor-version":[{"id":72381,"href":"https:\/\/elinformanteperu.com\/index.php\/wp-json\/wp\/v2\/posts\/72379\/revisions\/72381"}],"wp:featuredmedia":[{"embeddable":true,"href":"https:\/\/elinformanteperu.com\/index.php\/wp-json\/wp\/v2\/media\/72380"}],"wp:attachment":[{"href":"https:\/\/elinformanteperu.com\/index.php\/wp-json\/wp\/v2\/media?parent=72379"}],"wp:term":[{"taxonomy":"category","embeddable":true,"href":"https:\/\/elinformanteperu.com\/index.php\/wp-json\/wp\/v2\/categories?post=72379"},{"taxonomy":"post_tag","embeddable":true,"href":"https:\/\/elinformanteperu.com\/index.php\/wp-json\/wp\/v2\/tags?post=72379"}],"curies":[{"name":"wp","href":"https:\/\/api.w.org\/{rel}","templated":true}]}}