{"id":72376,"date":"2020-05-25T18:59:53","date_gmt":"2020-05-25T23:59:53","guid":{"rendered":"http:\/\/elinformanteperu.com\/?p=72376"},"modified":"2020-05-25T18:59:53","modified_gmt":"2020-05-25T23:59:53","slug":"anahi-de-cardenas-aun-queda-un-largo-camino-por-delante","status":"publish","type":"post","link":"https:\/\/elinformanteperu.com\/index.php\/2020\/05\/25\/anahi-de-cardenas-aun-queda-un-largo-camino-por-delante\/","title":{"rendered":"Anah\u00ed de C\u00e1rdenas: \u00abA\u00fan queda un largo camino por delante\u00bb"},"content":{"rendered":"<p><strong><span style=\"color: #000000;\">La actriz Anah\u00ed de C\u00e1rdenas culmin\u00f3 su etapa de quimioterapia y ella lo comparti\u00f3, a trav\u00e9s de sus redes sociales, aunque confes\u00f3 que ahora la abordan sentimientos encontrados.\u00a0<\/span><\/strong><\/p>\n<p><span style=\"color: #000000;\"><strong>Lima, 25 Mayo 2020, (ANDINA).-<\/strong> La actriz Anah\u00ed de C\u00e1rdenas culmin\u00f3 su etapa de quimioterapia y ella lo comparti\u00f3, a trav\u00e9s de sus redes sociales, aunque confes\u00f3 que ahora la abordan sentimientos encontrados. Pero pese a ello mostr\u00f3 optimismo al final de su mensaje dirigido a sus seguidores con un \u00abVamos que pronto volvemos\u00bb.<\/span><\/p>\n<p><span style=\"color: #000000;\">\u00abA\u00fan queda un largo camino por delante de inyecciones, operaci\u00f3n y tratamiento, pero la quimioterapia se acab\u00f3. Estoy con sentimientos encontrados. Felicidad, miedo, tranquilidad, agotamiento, todo al mismo tiempo.<\/span><\/p>\n<p><span style=\"color: #000000;\">Lo bueno es que termino ya. Vamos que pronto volvemos\u00bb, se\u00f1al\u00f3, a trav\u00e9s de su red social de Instagram.<\/span><\/p>\n<p><span style=\"color: #000000;\">Justamente el d\u00eda de hoy sus amigas la sorprendieron con mensajes positivos que daban cuenta de la fortaleza que ha demostrado la actriz en todo este tiempo, as\u00ed como una invitaci\u00f3n a abrazar la vida afrontando con entereza los retos que le pondr\u00e1 el futuro.<\/span><\/p>\n<p><img fetchpriority=\"high\" decoding=\"async\" class=\"aligncenter  wp-image-72377\" src=\"http:\/\/elinformanteperu.com\/wp-content\/uploads\/2020\/05\/anahi-de-cardenas3.jpg\" alt=\"\" width=\"349\" height=\"430\" srcset=\"https:\/\/elinformanteperu.com\/wp-content\/uploads\/2020\/05\/anahi-de-cardenas3.jpg 394w, https:\/\/elinformanteperu.com\/wp-content\/uploads\/2020\/05\/anahi-de-cardenas3-243x300.jpg 243w\" sizes=\"(max-width: 349px) 100vw, 349px\" \/><\/p>\n","protected":false},"excerpt":{"rendered":"<p>La actriz Anah\u00ed de C\u00e1rdenas culmin\u00f3 su etapa de quimioterapia y ella lo comparti\u00f3, a trav\u00e9s de sus redes sociales, aunque confes\u00f3 que ahora la abordan sentimientos encontrados.\u00a0 Lima, 25 Mayo 2020, (ANDINA).- La actriz Anah\u00ed de C\u00e1rdenas culmin\u00f3 su etapa de quimioterapia y ella lo comparti\u00f3, a trav\u00e9s de sus redes sociales, aunque confes\u00f3 [&hellip;]<\/p>\n","protected":false},"author":1,"featured_media":60288,"comment_status":"open","ping_status":"open","sticky":false,"template":"","format":"standard","meta":{"rop_custom_images_group":[],"rop_custom_messages_group":[],"rop_publish_now":"initial","rop_publish_now_accounts":[],"rop_publish_now_history":[],"rop_publish_now_status":"pending","footnotes":""},"categories":[70],"tags":[2300],"class_list":["post-72376","post","type-post","status-publish","format-standard","has-post-thumbnail","hentry","category-farandula","tag-anahi-de-cardenas"],"_links":{"self":[{"href":"https:\/\/elinformanteperu.com\/index.php\/wp-json\/wp\/v2\/posts\/72376","targetHints":{"allow":["GET"]}}],"collection":[{"href":"https:\/\/elinformanteperu.com\/index.php\/wp-json\/wp\/v2\/posts"}],"about":[{"href":"https:\/\/elinformanteperu.com\/index.php\/wp-json\/wp\/v2\/types\/post"}],"author":[{"embeddable":true,"href":"https:\/\/elinformanteperu.com\/index.php\/wp-json\/wp\/v2\/users\/1"}],"replies":[{"embeddable":true,"href":"https:\/\/elinformanteperu.com\/index.php\/wp-json\/wp\/v2\/comments?post=72376"}],"version-history":[{"count":1,"href":"https:\/\/elinformanteperu.com\/index.php\/wp-json\/wp\/v2\/posts\/72376\/revisions"}],"predecessor-version":[{"id":72378,"href":"https:\/\/elinformanteperu.com\/index.php\/wp-json\/wp\/v2\/posts\/72376\/revisions\/72378"}],"wp:featuredmedia":[{"embeddable":true,"href":"https:\/\/elinformanteperu.com\/index.php\/wp-json\/wp\/v2\/media\/60288"}],"wp:attachment":[{"href":"https:\/\/elinformanteperu.com\/index.php\/wp-json\/wp\/v2\/media?parent=72376"}],"wp:term":[{"taxonomy":"category","embeddable":true,"href":"https:\/\/elinformanteperu.com\/index.php\/wp-json\/wp\/v2\/categories?post=72376"},{"taxonomy":"post_tag","embeddable":true,"href":"https:\/\/elinformanteperu.com\/index.php\/wp-json\/wp\/v2\/tags?post=72376"}],"curies":[{"name":"wp","href":"https:\/\/api.w.org\/{rel}","templated":true}]}}