{"id":72373,"date":"2020-05-25T18:56:21","date_gmt":"2020-05-25T23:56:21","guid":{"rendered":"http:\/\/elinformanteperu.com\/?p=72373"},"modified":"2020-05-25T18:56:21","modified_gmt":"2020-05-25T23:56:21","slug":"fito-paez-estrena-album-fisico-y-videoclip","status":"publish","type":"post","link":"https:\/\/elinformanteperu.com\/index.php\/2020\/05\/25\/fito-paez-estrena-album-fisico-y-videoclip\/","title":{"rendered":"Fito P\u00e1ez estrena \u00e1lbum f\u00edsico y videoclip"},"content":{"rendered":"<p><strong><span style=\"color: #000000;\">El nuevo disco de Fito P\u00e1ez, \u00abLa conquista del espacio\u00bb, sale a la venta en formato f\u00edsico, mientras que el videoclip de \u00abLa canci\u00f3n de las bestias\u00bb, ya est\u00e1 disponible.<\/span><\/strong><\/p>\n<p><span style=\"color: #000000;\"><strong>Madrid, 25 Mayo 2020, (ANDINA).-<\/strong> El nuevo disco de Fito P\u00e1ez, \u00abLa conquista del espacio\u00bb, sale a la venta en formato f\u00edsico, mientras que el videoclip de \u00abLa canci\u00f3n de las bestias\u00bb, cuarto tema del \u00e1lbum, ya est\u00e1 disponible en plataformas digitales.<\/span><\/p>\n<p><span style=\"color: #000000;\">Despu\u00e9s del estreno de \u00abResucitar\u00bb, que suma m\u00e1s de dos millones de reproducciones, \u00abLa canci\u00f3n de las bestias\u00bb se ha convertido en el segundo sencillo del disco, \u00abuna canci\u00f3n elegida espont\u00e1neamente por el p\u00fablico como una de las preferidas del nuevo \u00e1lbum de Fito P\u00e1ez\u00bb, seg\u00fan explica Sony Music en un comunicado.<\/span><\/p>\n<p><span style=\"color: #000000;\">\u00abTodos somos bestias; hasta el m\u00e1s inmundo asesino tiene un coraz\u00f3n y eso tiene un valor. Est\u00e1 contado en primera persona: yo soy la bestia, me hago cargo, por eso es que me emociona tanto la canci\u00f3n\u00bb, cuenta el m\u00fasico argentino sobre su nuevo &#8216;single&#8217; en declaraciones recogidas en la nota de prensa.<\/span><\/p>\n<p><span style=\"color: #000000;\">El de \u00abLa canci\u00f3n de las bestias\u00bb es un videoclip surgido y grabado durante el confinamiento en casa del artista, con la participaci\u00f3n de Max Rompo y Alex Pippa (direcci\u00f3n de arte y dise\u00f1o), Julia Taboada (traducci\u00f3n al mandar\u00edn) e Iv\u00e1n Zimerman (animaci\u00f3n).<\/span><\/p>\n<p><span style=\"color: #000000;\">\u00abMe film\u00e9 con el tel\u00e9fono, aqu\u00ed en casa, hice varios planos largos, planos cortos, hice algunos macros con ojos, manos, boca\u00bb, cuenta P\u00e1ez de un v\u00eddeo en el que distintas partes de su cuerpo se unen para convertirse en peque\u00f1as \u00abbestias\u00bb.<\/span><\/p>\n<p><span style=\"color: #000000;\">\u00abUtilizaron extractos de ojos, jugaron con una suerte de deformaciones del rostro\u00bb, explica el artista.<\/span><\/p>\n<p><iframe title=\"Fito Paez - La Canci\u00f3n de las Bestias (Official Audio)\" width=\"615\" height=\"346\" src=\"https:\/\/www.youtube.com\/embed\/68zW4XhLeTA?feature=oembed\" frameborder=\"0\" allow=\"accelerometer; autoplay; clipboard-write; encrypted-media; gyroscope; picture-in-picture; web-share\" referrerpolicy=\"strict-origin-when-cross-origin\" allowfullscreen><\/iframe><\/p>\n","protected":false},"excerpt":{"rendered":"<p>El nuevo disco de Fito P\u00e1ez, \u00abLa conquista del espacio\u00bb, sale a la venta en formato f\u00edsico, mientras que el videoclip de \u00abLa canci\u00f3n de las bestias\u00bb, ya est\u00e1 disponible. Madrid, 25 Mayo 2020, (ANDINA).- El nuevo disco de Fito P\u00e1ez, \u00abLa conquista del espacio\u00bb, sale a la venta en formato f\u00edsico, mientras que el [&hellip;]<\/p>\n","protected":false},"author":1,"featured_media":72374,"comment_status":"open","ping_status":"open","sticky":false,"template":"","format":"standard","meta":{"rop_custom_images_group":[],"rop_custom_messages_group":[],"rop_publish_now":"initial","rop_publish_now_accounts":[],"rop_publish_now_history":[],"rop_publish_now_status":"pending","footnotes":""},"categories":[69],"tags":[2486],"class_list":["post-72373","post","type-post","status-publish","format-standard","has-post-thumbnail","hentry","category-musica","tag-fito-paez"],"_links":{"self":[{"href":"https:\/\/elinformanteperu.com\/index.php\/wp-json\/wp\/v2\/posts\/72373","targetHints":{"allow":["GET"]}}],"collection":[{"href":"https:\/\/elinformanteperu.com\/index.php\/wp-json\/wp\/v2\/posts"}],"about":[{"href":"https:\/\/elinformanteperu.com\/index.php\/wp-json\/wp\/v2\/types\/post"}],"author":[{"embeddable":true,"href":"https:\/\/elinformanteperu.com\/index.php\/wp-json\/wp\/v2\/users\/1"}],"replies":[{"embeddable":true,"href":"https:\/\/elinformanteperu.com\/index.php\/wp-json\/wp\/v2\/comments?post=72373"}],"version-history":[{"count":1,"href":"https:\/\/elinformanteperu.com\/index.php\/wp-json\/wp\/v2\/posts\/72373\/revisions"}],"predecessor-version":[{"id":72375,"href":"https:\/\/elinformanteperu.com\/index.php\/wp-json\/wp\/v2\/posts\/72373\/revisions\/72375"}],"wp:featuredmedia":[{"embeddable":true,"href":"https:\/\/elinformanteperu.com\/index.php\/wp-json\/wp\/v2\/media\/72374"}],"wp:attachment":[{"href":"https:\/\/elinformanteperu.com\/index.php\/wp-json\/wp\/v2\/media?parent=72373"}],"wp:term":[{"taxonomy":"category","embeddable":true,"href":"https:\/\/elinformanteperu.com\/index.php\/wp-json\/wp\/v2\/categories?post=72373"},{"taxonomy":"post_tag","embeddable":true,"href":"https:\/\/elinformanteperu.com\/index.php\/wp-json\/wp\/v2\/tags?post=72373"}],"curies":[{"name":"wp","href":"https:\/\/api.w.org\/{rel}","templated":true}]}}