{"id":72370,"date":"2020-05-25T18:53:07","date_gmt":"2020-05-25T23:53:07","guid":{"rendered":"http:\/\/elinformanteperu.com\/?p=72370"},"modified":"2020-05-25T18:53:07","modified_gmt":"2020-05-25T23:53:07","slug":"la-mostra-de-cine-en-venecia-confirma-su-realizacion","status":"publish","type":"post","link":"https:\/\/elinformanteperu.com\/index.php\/2020\/05\/25\/la-mostra-de-cine-en-venecia-confirma-su-realizacion\/","title":{"rendered":"La Mostra de cine en Venecia confirma su realizaci\u00f3n"},"content":{"rendered":"<p><strong><span style=\"color: #000000;\">El 77\u00ba Festival de Cine de Venecia ser\u00e1 en septiembre pese a la pandemia de coronavirus, tal y como estaba previsto, aunque tendr\u00e1 medidas de seguridad.<\/span><\/strong><\/p>\n<p><span style=\"color: #000000;\"><strong>Roma, 25 Mayo 2020, (ANDINA).-<\/strong> El 77\u00ba Festival de Cine de Venecia ser\u00e1 en septiembre pese a la pandemia de coronavirus, tal y como estaba previsto, confirm\u00f3 hoy el presidente de la regi\u00f3n del Veneto (norte), Luca Zaia, aunque tendr\u00e1 medidas de seguridad y probablemente menos pel\u00edculas.<\/span><\/p>\n<p><span style=\"color: #000000;\">\u00abLa Mostra hay que hacerla. El comit\u00e9 t\u00e9cnico-cient\u00edfico dice que las elecciones (regionales) pueden celebrarse en septiembre. Por lo tanto ese mes parece tranquilo\u00bb, dijo Zaia en rueda de prensa.<\/span><\/p>\n<p><span style=\"color: #000000;\">Este festival de cine internacional, uno de los m\u00e1s importantes del mundo, se celebrar\u00e1 entre el 2 y el 12 de septiembre, aunque en los \u00faltimos tiempos hab\u00edan surgido dudas por la pandemia de coronavirus, que ha afectado especialmente al norte italiano.<\/span><\/p>\n<p><span style=\"color: #000000;\">\u00abEl periodo parece \u00f3ptimo (&#8230;) Ser\u00e1 una oportunidad para hacer ver que aqu\u00ed estamos resurgiendo\u00bb, refiri\u00f3 el gobernador, miembro a su vez del Consejo de Administraci\u00f3n de la Bienal de Venecia.<\/span><\/p>\n<p><span style=\"color: #000000;\">El nuevo presidente de la Bienal, Roberto Cicutto, dijo al canal p\u00fablico RAI que la Mostra no se desarrollar\u00e1 \u00abplenamente\u00bb como otros a\u00f1os ya las pel\u00edculas deber\u00e1n proyectarse en m\u00e1s salas a la vez para la prensa, pues el aforo se ver\u00e1 reducido para evitar contagios.<\/span><\/p>\n<p><span style=\"color: #000000;\">Adem\u00e1s se espera una \u00abreducci\u00f3n de t\u00edtulos\u00bb en el programa de la Mostra y \u00abprobablemente\u00bb no llegar\u00e1n tantas estrellas del cine como las que acostumbra a recibir el lujoso Lido veneciano.<\/span><\/p>\n<p><span style=\"color: #000000;\">Cicutto asegur\u00f3 que los periodistas extranjeros que no puedan llegar a Venecia por las limitaciones a los viajes podr\u00e1n seguir las ruedas de prensa y prometi\u00f3 una Mostra de \u00abcalidad con todas las medidas de seguridad\u00bb contra el coronavirus.<\/span><\/p>\n<p><img fetchpriority=\"high\" decoding=\"async\" class=\"aligncenter size-full wp-image-15580\" src=\"http:\/\/elinformanteperu.com\/wp-content\/uploads\/2017\/09\/guillermo-del-toro-la-forma-del-agua-venecia.jpg\" alt=\"\" width=\"770\" height=\"480\" srcset=\"https:\/\/elinformanteperu.com\/wp-content\/uploads\/2017\/09\/guillermo-del-toro-la-forma-del-agua-venecia.jpg 770w, https:\/\/elinformanteperu.com\/wp-content\/uploads\/2017\/09\/guillermo-del-toro-la-forma-del-agua-venecia-300x187.jpg 300w, https:\/\/elinformanteperu.com\/wp-content\/uploads\/2017\/09\/guillermo-del-toro-la-forma-del-agua-venecia-768x479.jpg 768w, https:\/\/elinformanteperu.com\/wp-content\/uploads\/2017\/09\/guillermo-del-toro-la-forma-del-agua-venecia-128x80.jpg 128w, https:\/\/elinformanteperu.com\/wp-content\/uploads\/2017\/09\/guillermo-del-toro-la-forma-del-agua-venecia-32x20.jpg 32w\" sizes=\"(max-width: 770px) 100vw, 770px\" \/><\/p>\n","protected":false},"excerpt":{"rendered":"<p>El 77\u00ba Festival de Cine de Venecia ser\u00e1 en septiembre pese a la pandemia de coronavirus, tal y como estaba previsto, aunque tendr\u00e1 medidas de seguridad. Roma, 25 Mayo 2020, (ANDINA).- El 77\u00ba Festival de Cine de Venecia ser\u00e1 en septiembre pese a la pandemia de coronavirus, tal y como estaba previsto, confirm\u00f3 hoy el [&hellip;]<\/p>\n","protected":false},"author":1,"featured_media":72371,"comment_status":"open","ping_status":"open","sticky":false,"template":"","format":"standard","meta":{"rop_custom_images_group":[],"rop_custom_messages_group":[],"rop_publish_now":"initial","rop_publish_now_accounts":[],"rop_publish_now_history":[],"rop_publish_now_status":"pending","footnotes":""},"categories":[7],"tags":[4269,5699],"class_list":["post-72370","post","type-post","status-publish","format-standard","has-post-thumbnail","hentry","category-butaca","tag-festival-de-venecia-2019","tag-festival-de-venecia-2020"],"_links":{"self":[{"href":"https:\/\/elinformanteperu.com\/index.php\/wp-json\/wp\/v2\/posts\/72370","targetHints":{"allow":["GET"]}}],"collection":[{"href":"https:\/\/elinformanteperu.com\/index.php\/wp-json\/wp\/v2\/posts"}],"about":[{"href":"https:\/\/elinformanteperu.com\/index.php\/wp-json\/wp\/v2\/types\/post"}],"author":[{"embeddable":true,"href":"https:\/\/elinformanteperu.com\/index.php\/wp-json\/wp\/v2\/users\/1"}],"replies":[{"embeddable":true,"href":"https:\/\/elinformanteperu.com\/index.php\/wp-json\/wp\/v2\/comments?post=72370"}],"version-history":[{"count":1,"href":"https:\/\/elinformanteperu.com\/index.php\/wp-json\/wp\/v2\/posts\/72370\/revisions"}],"predecessor-version":[{"id":72372,"href":"https:\/\/elinformanteperu.com\/index.php\/wp-json\/wp\/v2\/posts\/72370\/revisions\/72372"}],"wp:featuredmedia":[{"embeddable":true,"href":"https:\/\/elinformanteperu.com\/index.php\/wp-json\/wp\/v2\/media\/72371"}],"wp:attachment":[{"href":"https:\/\/elinformanteperu.com\/index.php\/wp-json\/wp\/v2\/media?parent=72370"}],"wp:term":[{"taxonomy":"category","embeddable":true,"href":"https:\/\/elinformanteperu.com\/index.php\/wp-json\/wp\/v2\/categories?post=72370"},{"taxonomy":"post_tag","embeddable":true,"href":"https:\/\/elinformanteperu.com\/index.php\/wp-json\/wp\/v2\/tags?post=72370"}],"curies":[{"name":"wp","href":"https:\/\/api.w.org\/{rel}","templated":true}]}}