{"id":72365,"date":"2020-05-24T16:12:31","date_gmt":"2020-05-24T21:12:31","guid":{"rendered":"http:\/\/elinformanteperu.com\/?p=72365"},"modified":"2020-05-24T16:12:31","modified_gmt":"2020-05-24T21:12:31","slug":"guevara-la-esencia-de-la-declaracion-jurada-de-intereses-es-que-sea-publica","status":"publish","type":"post","link":"https:\/\/elinformanteperu.com\/index.php\/2020\/05\/24\/guevara-la-esencia-de-la-declaracion-jurada-de-intereses-es-que-sea-publica\/","title":{"rendered":"Guevara: La esencia de la declaraci\u00f3n jurada de intereses es que sea p\u00fablica"},"content":{"rendered":"<p><strong><span style=\"color: #000000;\">Mes\u00edas Guevara, sostuvo que la presentaci\u00f3n de la declaraci\u00f3n jurada de intereses (DJI) deber ser transparente y de acceso p\u00fablico.<\/span><\/strong><\/p>\n<p><span style=\"color: #000000;\"><strong>Lima, 24 Mayo 2020, (ANDINA).-<\/strong> El gobernador regional de Cajamarca y presidente de Acci\u00f3n Popular (AP), Mes\u00edas Guevara, sostuvo que la presentaci\u00f3n de la declaraci\u00f3n jurada de intereses (DJI) deber ser transparente y de acceso p\u00fablico.<\/span><\/p>\n<p><span style=\"color: #000000;\">\u201cLa declaraci\u00f3n jurada de intereses tiene una esencia que tiene que ser p\u00fablica, conocida por toda la ciudadan\u00eda toda vez que all\u00ed se va a ver el nivel de relaci\u00f3n que pueda existir entre los que son familiares cercanos y empresas para evitar los famosos conflictos de intereses\u201d, dijo Guevara a la Agencia Andina.<\/span><\/p>\n<p><span style=\"color: #000000;\">El tambi\u00e9n exlegislador de AP subray\u00f3 que dicho tr\u00e1mite no tiene nada que ver con lo que es la declaraci\u00f3n de patrimonio que se presenta ante Contralor\u00eda General de la Rep\u00fablica; tanto as\u00ed, indic\u00f3, que el ente fiscalizador ha se\u00f1alado que no se siente obligado a recibir ese documento.<\/span><\/p>\n<p><span style=\"color: #000000;\">En ese sentido, dijo que quiz\u00e1 los legisladores pueden tener cierto desconocimiento del tema y han confundido ambas declaraciones. \u201cPor tanto, creo que all\u00ed hay que darles el beneficio de la duda\u201d, puntualiz\u00f3.<\/span><\/p>\n<p><span style=\"color: #000000;\">Guevara sostuvo que el momento actual demanda propuesta serias de parte del Parlamento, que tendr\u00e1 un periodo corto en funciones, por lo que las leyes que se aprueben deben responder a pol\u00edticas p\u00fablicas.<\/span><\/p>\n<p><span style=\"color: #000000;\">El 5 de diciembre del 2019, el Ejecutivo public\u00f3 el Decreto de Urgencia N\u00b0020-2019 que establece la obligatoriedad de la presentaci\u00f3n de la declaraci\u00f3n jurada de intereses en forma virtual a trav\u00e9s de esta Plataforma \u00danica:<\/span><\/p>\n<p><span style=\"color: #000000;\">Sin embargo, el pasado 7 de mayo, el pleno de Parlamento modific\u00f3 su reglamento respecto de la obligatoriedad de la presentaci\u00f3n de la declaraci\u00f3n jurada de intereses y dejaba sin efecto el DU 020-2019 para su caso.<\/span><\/p>\n","protected":false},"excerpt":{"rendered":"<p>Mes\u00edas Guevara, sostuvo que la presentaci\u00f3n de la declaraci\u00f3n jurada de intereses (DJI) deber ser transparente y de acceso p\u00fablico. Lima, 24 Mayo 2020, (ANDINA).- El gobernador regional de Cajamarca y presidente de Acci\u00f3n Popular (AP), Mes\u00edas Guevara, sostuvo que la presentaci\u00f3n de la declaraci\u00f3n jurada de intereses (DJI) deber ser transparente y de acceso [&hellip;]<\/p>\n","protected":false},"author":1,"featured_media":72366,"comment_status":"open","ping_status":"open","sticky":false,"template":"","format":"standard","meta":{"rop_custom_images_group":[],"rop_custom_messages_group":[],"rop_publish_now":"initial","rop_publish_now_accounts":[],"rop_publish_now_history":[],"rop_publish_now_status":"pending","footnotes":""},"categories":[5],"tags":[326,192,3942],"class_list":["post-72365","post","type-post","status-publish","format-standard","has-post-thumbnail","hentry","category-actualidad-informativa","tag-accion-popular","tag-congreso","tag-mesias-guevara"],"_links":{"self":[{"href":"https:\/\/elinformanteperu.com\/index.php\/wp-json\/wp\/v2\/posts\/72365","targetHints":{"allow":["GET"]}}],"collection":[{"href":"https:\/\/elinformanteperu.com\/index.php\/wp-json\/wp\/v2\/posts"}],"about":[{"href":"https:\/\/elinformanteperu.com\/index.php\/wp-json\/wp\/v2\/types\/post"}],"author":[{"embeddable":true,"href":"https:\/\/elinformanteperu.com\/index.php\/wp-json\/wp\/v2\/users\/1"}],"replies":[{"embeddable":true,"href":"https:\/\/elinformanteperu.com\/index.php\/wp-json\/wp\/v2\/comments?post=72365"}],"version-history":[{"count":1,"href":"https:\/\/elinformanteperu.com\/index.php\/wp-json\/wp\/v2\/posts\/72365\/revisions"}],"predecessor-version":[{"id":72367,"href":"https:\/\/elinformanteperu.com\/index.php\/wp-json\/wp\/v2\/posts\/72365\/revisions\/72367"}],"wp:featuredmedia":[{"embeddable":true,"href":"https:\/\/elinformanteperu.com\/index.php\/wp-json\/wp\/v2\/media\/72366"}],"wp:attachment":[{"href":"https:\/\/elinformanteperu.com\/index.php\/wp-json\/wp\/v2\/media?parent=72365"}],"wp:term":[{"taxonomy":"category","embeddable":true,"href":"https:\/\/elinformanteperu.com\/index.php\/wp-json\/wp\/v2\/categories?post=72365"},{"taxonomy":"post_tag","embeddable":true,"href":"https:\/\/elinformanteperu.com\/index.php\/wp-json\/wp\/v2\/tags?post=72365"}],"curies":[{"name":"wp","href":"https:\/\/api.w.org\/{rel}","templated":true}]}}