{"id":72233,"date":"2020-05-23T18:23:45","date_gmt":"2020-05-23T23:23:45","guid":{"rendered":"http:\/\/elinformanteperu.com\/?p=72233"},"modified":"2020-05-23T18:23:45","modified_gmt":"2020-05-23T23:23:45","slug":"vehiculos-particulares-solo-circularan-dentro-del-distrito-para-compras-esenciales","status":"publish","type":"post","link":"https:\/\/elinformanteperu.com\/index.php\/2020\/05\/23\/vehiculos-particulares-solo-circularan-dentro-del-distrito-para-compras-esenciales\/","title":{"rendered":"Veh\u00edculos particulares solo circular\u00e1n dentro del distrito para compras esenciales"},"content":{"rendered":"<p><strong><span style=\"color: #000000;\">Mediante un decreto supremo publicado hoy, el Gobierno autoriz\u00f3 el uso de veh\u00edculos particulares en la nueva etapa de la cuarentena que se inicia este lunes 25 de mayo.<\/span><\/strong><\/p>\n<p><span style=\"color: #000000;\"><strong>Lima, 23 Mayo 2020, (ANDINA).-<\/strong> Mediante un decreto supremo publicado hoy, el Gobierno autoriz\u00f3 el uso de veh\u00edculos particulares en la nueva etapa de la cuarentena que se inicia este lunes 25 de mayo, pero \u00fanicamente para el abastecimiento de alimentos, medicinas y servicios financieros, y solo y exclusivamente dentro del distrito de residencia del propietario.<\/span><\/p>\n<p><span style=\"color: #000000;\">El decreto supremo N\u00ba 094-2020-PCM, promulgado esta tarde en una edici\u00f3n extraordinaria del Diario Oficial El Peruano, se\u00f1ala que en principio solo debe viajar una personal por veh\u00edculo, salvo que se trate del traslado de personas que requieren de una atenci\u00f3n m\u00e9dica urgente o de emergencia, por encontrarse en grave riesgo su vida o salud.<\/span><\/p>\n<p><span style=\"color: #000000;\">Asimismo, tambi\u00e9n se podr\u00e1 usar el veh\u00edculo particular para realizar una veintena de actividades laborales detalladas en el anexo del decreto en referencia, y que buena parte de ellas guarda relaci\u00f3n aquellos oficios o servicios autorizados a funcionar en esta nueva etapa.<\/span><\/p>\n<p><span style=\"color: #000000;\">En ese anexo se menciona servicios de comercio electr\u00f3nico para la venta de vestuario, calzado y electrodom\u00e9sticos, as\u00ed como provisi\u00f3n de libros, \u00fatiles escolares y art\u00edculos para oficina; servicios de apoyo al diagn\u00f3stico, odontolog\u00eda, oftalmolog\u00eda, rehabilitaci\u00f3n, reproducci\u00f3n humana, veterinarias, entre otros.<\/span><\/p>\n<p><span style=\"color: #000000;\">Igualmente, servicios de aplicativos m\u00f3viles para servicios de entrega a domicilio (delivery) prestados por terceros; servicios t\u00e9cnicos y profesionales independientes como t\u00e9cnicos de inform\u00e1tica, gasfiter\u00eda, jardiner\u00eda, electricidad, carpinter\u00eda, lavander\u00eda, mantenimiento de artefactos, reparaci\u00f3n de equipos, servicios de peluquer\u00edas y cosmetolog\u00eda, ferreter\u00edas, servicios de limpieza o asistencia del hogar. Todos estos servicios se prestar\u00e1n a domicilio.<\/span><\/p>\n<p><span style=\"color: #000000;\">En su art\u00edculo 8, el decreto se\u00f1ala que durante la vigencia del estado de emergencia para la prestaci\u00f3n de servicios con fines laborales, solo pueden circular los veh\u00edculos particulares debidamente autorizados por el Ministerio de Defensa o el Ministerio del Interior.<\/span><\/p>\n<p><span style=\"color: #000000;\">Ambos sectores quedan facultados a adoptar las acciones que correspondan respecto de los veh\u00edculos no autorizados, \u201cinclusive el remolque de los mismos a los dep\u00f3sitos que se destinen para tal efecto\u201d.<\/span><\/p>\n<p><strong><span style=\"color: #000000;\">Transporte urbano<\/span><\/strong><\/p>\n<p><span style=\"color: #000000;\">En lo que respecta a este servicio, el decreto supremo se\u00f1ala que corresponder\u00e1 a los gobiernos locales y a la Autoridad de Transporte Urbano para Lima y Callao (ATU), seg\u00fan corresponda, determinar la oferta \u00f3ptima de las unidades que podr\u00e1n circular, en funci\u00f3n de la demanda existente y las medidas sanitarias necesarias para evitar la propagaci\u00f3n del covid-19.<\/span><\/p>\n<p><span style=\"color: #000000;\">Los operadores del servicio de transporte deben cumplir con el aforo (n\u00famero de asientos permitidos) y las disposiciones sobre limpieza y desinfecci\u00f3n de los veh\u00edculos y la infraestructura complementaria de transporte, as\u00ed como respecto de la continuidad del servicio, establecidos en los lineamientos, protocolos y normas sanitarias aprobados por el Ministerio de Salud y el Ministerio de Transportes y Comunicaciones.<\/span><\/p>\n<p><img fetchpriority=\"high\" decoding=\"async\" class=\"aligncenter size-full wp-image-72235\" src=\"http:\/\/elinformanteperu.com\/wp-content\/uploads\/2020\/05\/vehiculos-estado-de-emergencia1.jpg\" alt=\"\" width=\"500\" height=\"333\" srcset=\"https:\/\/elinformanteperu.com\/wp-content\/uploads\/2020\/05\/vehiculos-estado-de-emergencia1.jpg 500w, https:\/\/elinformanteperu.com\/wp-content\/uploads\/2020\/05\/vehiculos-estado-de-emergencia1-300x200.jpg 300w\" sizes=\"(max-width: 500px) 100vw, 500px\" \/><span style=\"color: #000000;\">Durante la vigencia del estado de emergencia, la autoridad de transporte competente en cada circunscripci\u00f3n tambi\u00e9n puede restringir la prestaci\u00f3n del servicio de los veh\u00edculos habilitados para el servicio de taxi y el servicio de transporte de personas en veh\u00edculos menores de acuerdo a la evaluaci\u00f3n que realice para tal fin.<\/span><\/p>\n<p><span style=\"color: #000000;\">En el caso de las operaciones de transporte fluvial de pasajeros dentro de una provincia, los gobiernos regionales determinan la oferta de dicho servicio, en funci\u00f3n de la demanda existente y las medidas sanitarias necesarias para evitar la propagaci\u00f3n del Covid-19.<\/span><\/p>\n<p><strong><span style=\"color: #000000;\">Transporte interprovincial e internacional<\/span><\/strong><\/p>\n<p><span style=\"color: #000000;\">Igualmente, el gobierno mantiene la prohibici\u00f3n del transporte interprovincial de pasajeros durante el estado de emergencia, lo cual implica la suspensi\u00f3n del servicio, por medio terrestre, a\u00e9reo y fluvial, con excepci\u00f3n de los traslados humanitarios interprovinciales regulados por las normas especiales de la materia.<\/span><\/p>\n<p><span style=\"color: #000000;\">El transporte de carga, mercanc\u00eda y transporte a\u00e9reo especial, no se encuentra comprendido dentro de este art\u00edculo, precisa el documento.<\/span><\/p>\n<p><strong><span style=\"color: #000000;\">Cierre de fronteras<\/span><\/strong><\/p>\n<p><span style=\"color: #000000;\">El decreto supremo tambi\u00e9n dispone la continuidad del cierre total de las fronteras, por lo que contin\u00faa suspendido el transporte internacional de pasajeros, por medio terrestre, a\u00e9reo, mar\u00edtimo y fluvial, salvo razones humanitarias y bajo las condiciones sanitarias que deben observar los pasajeros, tales como el aislamiento social obligatorio.<\/span><\/p>\n<p><span style=\"color: #000000;\">El transporte de carga y mercanc\u00eda no se encuentra comprendido dentro de este cierre temporal. Las autoridades competentes adoptan las medidas necesarias para garantizar el ingreso y salida de mercanc\u00edas del pa\u00eds por puertos, aeropuertos y puntos de frontera habilitados.<\/span><\/p>\n","protected":false},"excerpt":{"rendered":"<p>Mediante un decreto supremo publicado hoy, el Gobierno autoriz\u00f3 el uso de veh\u00edculos particulares en la nueva etapa de la cuarentena que se inicia este lunes 25 de mayo. Lima, 23 Mayo 2020, (ANDINA).- Mediante un decreto supremo publicado hoy, el Gobierno autoriz\u00f3 el uso de veh\u00edculos particulares en la nueva etapa de la cuarentena [&hellip;]<\/p>\n","protected":false},"author":1,"featured_media":72234,"comment_status":"open","ping_status":"open","sticky":false,"template":"","format":"standard","meta":{"rop_custom_images_group":[],"rop_custom_messages_group":[],"rop_publish_now":"initial","rop_publish_now_accounts":[],"rop_publish_now_history":[],"rop_publish_now_status":"pending","footnotes":""},"categories":[10],"tags":[5236,5364,5374],"class_list":["post-72233","post","type-post","status-publish","format-standard","has-post-thumbnail","hentry","category-actualidad-municipal","tag-coronavirus","tag-covid-19","tag-peru-estado-de-emergencia"],"_links":{"self":[{"href":"https:\/\/elinformanteperu.com\/index.php\/wp-json\/wp\/v2\/posts\/72233","targetHints":{"allow":["GET"]}}],"collection":[{"href":"https:\/\/elinformanteperu.com\/index.php\/wp-json\/wp\/v2\/posts"}],"about":[{"href":"https:\/\/elinformanteperu.com\/index.php\/wp-json\/wp\/v2\/types\/post"}],"author":[{"embeddable":true,"href":"https:\/\/elinformanteperu.com\/index.php\/wp-json\/wp\/v2\/users\/1"}],"replies":[{"embeddable":true,"href":"https:\/\/elinformanteperu.com\/index.php\/wp-json\/wp\/v2\/comments?post=72233"}],"version-history":[{"count":1,"href":"https:\/\/elinformanteperu.com\/index.php\/wp-json\/wp\/v2\/posts\/72233\/revisions"}],"predecessor-version":[{"id":72236,"href":"https:\/\/elinformanteperu.com\/index.php\/wp-json\/wp\/v2\/posts\/72233\/revisions\/72236"}],"wp:featuredmedia":[{"embeddable":true,"href":"https:\/\/elinformanteperu.com\/index.php\/wp-json\/wp\/v2\/media\/72234"}],"wp:attachment":[{"href":"https:\/\/elinformanteperu.com\/index.php\/wp-json\/wp\/v2\/media?parent=72233"}],"wp:term":[{"taxonomy":"category","embeddable":true,"href":"https:\/\/elinformanteperu.com\/index.php\/wp-json\/wp\/v2\/categories?post=72233"},{"taxonomy":"post_tag","embeddable":true,"href":"https:\/\/elinformanteperu.com\/index.php\/wp-json\/wp\/v2\/tags?post=72233"}],"curies":[{"name":"wp","href":"https:\/\/api.w.org\/{rel}","templated":true}]}}