{"id":71909,"date":"2020-05-21T19:30:25","date_gmt":"2020-05-22T00:30:25","guid":{"rendered":"http:\/\/elinformanteperu.com\/?p=71909"},"modified":"2020-05-21T19:30:25","modified_gmt":"2020-05-22T00:30:25","slug":"uefa-confia-en-que-otono-ya-haya-partidos-con-publico-en-los-estadios","status":"publish","type":"post","link":"https:\/\/elinformanteperu.com\/index.php\/2020\/05\/21\/uefa-confia-en-que-otono-ya-haya-partidos-con-publico-en-los-estadios\/","title":{"rendered":"UEFA conf\u00eda en que oto\u00f1o ya haya partidos con p\u00fablico en los estadios"},"content":{"rendered":"<p><strong><span style=\"color: #000000;\">El presidente de la UEFA, el esloveno Aleksander Ceferin, conf\u00eda en que el f\u00fatbol se recupere de los efectos de la pandemia del coronavirus.<\/span><\/strong><\/p>\n<p><span style=\"color: #000000;\"><strong>Z\u00farich, 21 Mayo 2020, (ANDINA).-<\/strong> El presidente de la UEFA, el esloveno Aleksander Ceferin, conf\u00eda en que el f\u00fatbol se recupere de los efectos de la pandemia del coronavirus y que para oto\u00f1o ya puedan disputarse partidos con p\u00fablico en las gradas.<\/span><\/p>\n<p><span style=\"color: #000000;\">\u00abLa humanidad ha sobrevivido a muchas guerras y a muchas epidemias y, sin duda, sobreviviremos al nuevo coronavirus. Espero que los hinchas volver\u00e1n en oto\u00f1o a los estadios del f\u00fatbol\u00bb, declara Ceferin en una entrevista que el diario esloveno Dnevnik publica el s\u00e1bado y de la que adelant\u00f3 este jueves un extracto en su web.<\/span><\/p>\n<p><span style=\"color: #000000;\">Ceferin asegur\u00f3 que \u00abla UEFA saldr\u00e1 victoriosa de la crisis\u00bb y que tanto la federaci\u00f3n europea como las nacionales superar\u00e1n los problemas financieros.<\/span><\/p>\n<p><span style=\"color: #000000;\">\u00abTendremos algunas p\u00e9rdidas, pero nos recuperaremos pronto\u00bb, afirma el responsable del f\u00fatbol europeo.<\/span><\/p>\n<p><span style=\"color: #000000;\">Tras la interrupci\u00f3n de las competiciones nacionales e internacionales dentro de las medidas para frenar la COVID-19, numerosas federaciones han anunciado la reanudaci\u00f3n de sus ligas en las pr\u00f3ximas semanas; aunque sin espectadores en los estadios, para prevenir infecciones.<\/span><\/p>\n<p><img fetchpriority=\"high\" decoding=\"async\" class=\"aligncenter size-full wp-image-5947\" src=\"http:\/\/elinformanteperu.com\/wp-content\/uploads\/2017\/02\/uefa1.jpg\" alt=\"\" width=\"640\" height=\"466\" srcset=\"https:\/\/elinformanteperu.com\/wp-content\/uploads\/2017\/02\/uefa1.jpg 640w, https:\/\/elinformanteperu.com\/wp-content\/uploads\/2017\/02\/uefa1-300x218.jpg 300w, https:\/\/elinformanteperu.com\/wp-content\/uploads\/2017\/02\/uefa1-128x93.jpg 128w, https:\/\/elinformanteperu.com\/wp-content\/uploads\/2017\/02\/uefa1-32x23.jpg 32w\" sizes=\"(max-width: 640px) 100vw, 640px\" \/><\/p>\n","protected":false},"excerpt":{"rendered":"<p>El presidente de la UEFA, el esloveno Aleksander Ceferin, conf\u00eda en que el f\u00fatbol se recupere de los efectos de la pandemia del coronavirus. Z\u00farich, 21 Mayo 2020, (ANDINA).- El presidente de la UEFA, el esloveno Aleksander Ceferin, conf\u00eda en que el f\u00fatbol se recupere de los efectos de la pandemia del coronavirus y que [&hellip;]<\/p>\n","protected":false},"author":1,"featured_media":71910,"comment_status":"open","ping_status":"open","sticky":false,"template":"","format":"standard","meta":{"rop_custom_images_group":[],"rop_custom_messages_group":[],"rop_publish_now":"initial","rop_publish_now_accounts":[],"rop_publish_now_history":[],"rop_publish_now_status":"pending","footnotes":""},"categories":[8],"tags":[5236,5364,5371,3612],"class_list":["post-71909","post","type-post","status-publish","format-standard","has-post-thumbnail","hentry","category-disciplinas-deportivas","tag-coronavirus","tag-covid-19","tag-futbol","tag-uefa"],"_links":{"self":[{"href":"https:\/\/elinformanteperu.com\/index.php\/wp-json\/wp\/v2\/posts\/71909","targetHints":{"allow":["GET"]}}],"collection":[{"href":"https:\/\/elinformanteperu.com\/index.php\/wp-json\/wp\/v2\/posts"}],"about":[{"href":"https:\/\/elinformanteperu.com\/index.php\/wp-json\/wp\/v2\/types\/post"}],"author":[{"embeddable":true,"href":"https:\/\/elinformanteperu.com\/index.php\/wp-json\/wp\/v2\/users\/1"}],"replies":[{"embeddable":true,"href":"https:\/\/elinformanteperu.com\/index.php\/wp-json\/wp\/v2\/comments?post=71909"}],"version-history":[{"count":1,"href":"https:\/\/elinformanteperu.com\/index.php\/wp-json\/wp\/v2\/posts\/71909\/revisions"}],"predecessor-version":[{"id":71911,"href":"https:\/\/elinformanteperu.com\/index.php\/wp-json\/wp\/v2\/posts\/71909\/revisions\/71911"}],"wp:featuredmedia":[{"embeddable":true,"href":"https:\/\/elinformanteperu.com\/index.php\/wp-json\/wp\/v2\/media\/71910"}],"wp:attachment":[{"href":"https:\/\/elinformanteperu.com\/index.php\/wp-json\/wp\/v2\/media?parent=71909"}],"wp:term":[{"taxonomy":"category","embeddable":true,"href":"https:\/\/elinformanteperu.com\/index.php\/wp-json\/wp\/v2\/categories?post=71909"},{"taxonomy":"post_tag","embeddable":true,"href":"https:\/\/elinformanteperu.com\/index.php\/wp-json\/wp\/v2\/tags?post=71909"}],"curies":[{"name":"wp","href":"https:\/\/api.w.org\/{rel}","templated":true}]}}