{"id":71865,"date":"2020-05-20T21:19:02","date_gmt":"2020-05-21T02:19:02","guid":{"rendered":"http:\/\/elinformanteperu.com\/?p=71865"},"modified":"2020-05-20T21:19:02","modified_gmt":"2020-05-21T02:19:02","slug":"manuel-neuer-renueva-con-el-bayern-munich-hasta-2023","status":"publish","type":"post","link":"https:\/\/elinformanteperu.com\/index.php\/2020\/05\/20\/manuel-neuer-renueva-con-el-bayern-munich-hasta-2023\/","title":{"rendered":"Manuel Neuer renueva con el Bayern M\u00fanich hasta 2023"},"content":{"rendered":"<p><strong><span style=\"color: #000000;\">El arquero del Bayern M\u00fanich, Manuel Neuer, renov\u00f3 a sus 34 a\u00f1os su contrato hasta junio de 2023, anunci\u00f3 el club campe\u00f3n de Alemania.<\/span><\/strong><\/p>\n<p><span style=\"color: #000000;\"><strong>M\u00fanich, 20 Mayo 2020, (ANDINA).-<\/strong> El arquero del Bayern M\u00fanich Manuel Neuer renov\u00f3 a sus 34 a\u00f1os su contrato hasta junio de 2023, anunci\u00f3 el club campe\u00f3n de Alemania, despu\u00e9s de varias semanas de negociaciones.<\/span><\/p>\n<p><span style=\"color: #000000;\">El contrato actual de Neuer duraba hasta mediados de 2021, por lo que la relaci\u00f3n con el equipo b\u00e1varo se ampl\u00eda dos a\u00f1os.<\/span><\/p>\n<p><span style=\"color: #000000;\">Hace apenas unas semanas, la negociaci\u00f3n parec\u00eda haber quedado en punto muerto por el desagrado del capit\u00e1n tras ver c\u00f3mo detalles de las conversaciones eran publicados en la prensa, especialmente los referentes a una subida de salario.<\/span><\/p>\n<p><span style=\"color: #000000;\">El club m\u00e1s laureado de Alemania y l\u00edder de la Bundesliga no dio ning\u00fan detalle sobre ello este mi\u00e9rcoles.<\/span><\/p>\n<p><span style=\"color: #000000;\">Desde hace d\u00edas, las partes admit\u00edan que el acuerdo parec\u00eda cerca. El patr\u00f3n del club, Karl-Heinz Rummenigge, dijo el domingo que era \u00abprudentemente optimista\u00bb sobre la renovaci\u00f3n de su emblem\u00e1tico guardameta.<\/span><\/p>\n<p><span style=\"color: #000000;\">\u00abEl Bayern est\u00e1 muy feliz y satisfecho con que Manuel haya renovado su contrato hasta el 30 de junio de 2023\u00bb, celebr\u00f3 el mi\u00e9rcoles en un comunicado, precisando que \u00abes el mejor arquero del mundo y nuestro capit\u00e1n\u00bb.<\/span><\/p>\n<p><span style=\"color: #000000;\">\u00abEn las semanas que siguieron al par\u00f3n (mediados de marzo) de las competiciones por la pandemia del nuevo coronavirus, no quer\u00eda tomar una decisi\u00f3n porque nadie sab\u00eda si la Bundesliga iba a continuar, o si cu\u00e1ndo y c\u00f3mo\u00bb, explic\u00f3 Neuer.<\/span><\/p>\n<p><span style=\"color: #000000;\">\u00abAhora que eso se ha aclarado, miro al futuro con mucho optimismo. Me siento muy c\u00f3modo y en casa en Baviera\u00bb, a\u00f1adi\u00f3.<\/span><\/p>\n<p><strong><span style=\"color: #000000;\">El mejor del mundo<\/span><\/strong><\/p>\n<p><span style=\"color: #000000;\">El jugador campe\u00f3n mundial con Alemania en Brasil-2014 ha sido elegido en cuatro ocasiones el mejor arquero del mundo. Con su equipo ha ganado siete veces la liga alemana, cinco veces la Copa de Alemania y una la Liga de Campeones europea (2013).<\/span><\/p>\n<p><span style=\"color: #000000;\">Con su renovaci\u00f3n, el Bayern se enfrentar\u00e1 quiz\u00e1s al dilema sobre la titularidad en un futuro, ya que el club fich\u00f3 ya al prometedor y talentoso Alexander N\u00fcbel, de 23 a\u00f1os y formado como Neuer en el Schalke 04.<\/span><\/p>\n<p><span style=\"color: #000000;\">Esa competencia no parece preocupar a Neuer: \u00abMientras rinda bien, jugar\u00e9\u00bb, dijo en abril.<\/span><\/p>\n<p><span style=\"color: #000000;\">El Bayern contin\u00faa as\u00ed atando la continuidad de varios elementos importantes de su proyecto.<\/span><\/p>\n<p><span style=\"color: #000000;\">En las \u00faltimas semanas renov\u00f3 los contratos de Thomas M\u00fcller, del joven prodigio canadiense Alphonso Davies y de su entrenador Hansi Flick. Seg\u00fan la prensa alemana, pronto podr\u00eda darse la renovaci\u00f3n de David Alaba y de Thiago Alc\u00e1ntara.<\/span><\/p>\n<p><img fetchpriority=\"high\" decoding=\"async\" class=\"aligncenter size-full wp-image-29621\" src=\"http:\/\/elinformanteperu.com\/wp-content\/uploads\/2018\/06\/manuel-neuer.jpg\" alt=\"\" width=\"1800\" height=\"1200\" srcset=\"https:\/\/elinformanteperu.com\/wp-content\/uploads\/2018\/06\/manuel-neuer.jpg 1800w, https:\/\/elinformanteperu.com\/wp-content\/uploads\/2018\/06\/manuel-neuer-300x200.jpg 300w, https:\/\/elinformanteperu.com\/wp-content\/uploads\/2018\/06\/manuel-neuer-768x512.jpg 768w, https:\/\/elinformanteperu.com\/wp-content\/uploads\/2018\/06\/manuel-neuer-1024x683.jpg 1024w, https:\/\/elinformanteperu.com\/wp-content\/uploads\/2018\/06\/manuel-neuer-128x85.jpg 128w, https:\/\/elinformanteperu.com\/wp-content\/uploads\/2018\/06\/manuel-neuer-32x21.jpg 32w\" sizes=\"(max-width: 1800px) 100vw, 1800px\" \/><\/p>\n","protected":false},"excerpt":{"rendered":"<p>El arquero del Bayern M\u00fanich, Manuel Neuer, renov\u00f3 a sus 34 a\u00f1os su contrato hasta junio de 2023, anunci\u00f3 el club campe\u00f3n de Alemania. M\u00fanich, 20 Mayo 2020, (ANDINA).- El arquero del Bayern M\u00fanich Manuel Neuer renov\u00f3 a sus 34 a\u00f1os su contrato hasta junio de 2023, anunci\u00f3 el club campe\u00f3n de Alemania, despu\u00e9s de [&hellip;]<\/p>\n","protected":false},"author":1,"featured_media":71866,"comment_status":"open","ping_status":"open","sticky":false,"template":"","format":"standard","meta":{"rop_custom_images_group":[],"rop_custom_messages_group":[],"rop_publish_now":"initial","rop_publish_now_accounts":[],"rop_publish_now_history":[],"rop_publish_now_status":"pending","footnotes":""},"categories":[8],"tags":[2973,3272],"class_list":["post-71865","post","type-post","status-publish","format-standard","has-post-thumbnail","hentry","category-disciplinas-deportivas","tag-bayern-munich","tag-manuel-neuer"],"_links":{"self":[{"href":"https:\/\/elinformanteperu.com\/index.php\/wp-json\/wp\/v2\/posts\/71865","targetHints":{"allow":["GET"]}}],"collection":[{"href":"https:\/\/elinformanteperu.com\/index.php\/wp-json\/wp\/v2\/posts"}],"about":[{"href":"https:\/\/elinformanteperu.com\/index.php\/wp-json\/wp\/v2\/types\/post"}],"author":[{"embeddable":true,"href":"https:\/\/elinformanteperu.com\/index.php\/wp-json\/wp\/v2\/users\/1"}],"replies":[{"embeddable":true,"href":"https:\/\/elinformanteperu.com\/index.php\/wp-json\/wp\/v2\/comments?post=71865"}],"version-history":[{"count":1,"href":"https:\/\/elinformanteperu.com\/index.php\/wp-json\/wp\/v2\/posts\/71865\/revisions"}],"predecessor-version":[{"id":71867,"href":"https:\/\/elinformanteperu.com\/index.php\/wp-json\/wp\/v2\/posts\/71865\/revisions\/71867"}],"wp:featuredmedia":[{"embeddable":true,"href":"https:\/\/elinformanteperu.com\/index.php\/wp-json\/wp\/v2\/media\/71866"}],"wp:attachment":[{"href":"https:\/\/elinformanteperu.com\/index.php\/wp-json\/wp\/v2\/media?parent=71865"}],"wp:term":[{"taxonomy":"category","embeddable":true,"href":"https:\/\/elinformanteperu.com\/index.php\/wp-json\/wp\/v2\/categories?post=71865"},{"taxonomy":"post_tag","embeddable":true,"href":"https:\/\/elinformanteperu.com\/index.php\/wp-json\/wp\/v2\/tags?post=71865"}],"curies":[{"name":"wp","href":"https:\/\/api.w.org\/{rel}","templated":true}]}}