{"id":71859,"date":"2020-05-20T20:47:20","date_gmt":"2020-05-21T01:47:20","guid":{"rendered":"http:\/\/elinformanteperu.com\/?p=71859"},"modified":"2020-05-20T20:47:20","modified_gmt":"2020-05-21T01:47:20","slug":"pelicula-peruana-el-grito-se-estrenara-online","status":"publish","type":"post","link":"https:\/\/elinformanteperu.com\/index.php\/2020\/05\/20\/pelicula-peruana-el-grito-se-estrenara-online\/","title":{"rendered":"Pel\u00edcula peruana \u00abEl Grito\u00bb se estrenar\u00e1 online"},"content":{"rendered":"<p><strong><span style=\"color: #000000;\">La cinta nacional \u00abEl Grito\u00bb se estrenar\u00e1 este s\u00e1bado, en una emision online, debido al aislamiento social que actualmente vivimos en nuestro pa\u00eds.<\/span><\/strong><\/p>\n<p><span style=\"color: #000000;\"><strong>Lima, 20 Mayo 2020, (ANDINA).-<\/strong> La cinta nacional \u00abEl Grito\u00bb se estrenar\u00e1 este s\u00e1bado, en una emision online, debido al aislamiento social que actualmente vivimos en nuestro pa\u00eds.<\/span><\/p>\n<p><span style=\"color: #000000;\">La cinta es una pel\u00edcula corta que se grab\u00f3 el \u00faltimo mes de diciembre y fue dirigida por Analuc\u00eda Morgan Fogliani Y Andr\u00e9s Orozco.<\/span><\/p>\n<p><span style=\"color: #000000;\">Este s\u00e1bado 23 se podr\u00e1 ver, v\u00eda online, para luego poder ser parte de un conversatorio que reunir\u00e1 a todo el equipo que fue parte de este trabajo. La charla tambi\u00e9n se desarrollar\u00e1 tambi\u00e9n en l\u00ednea.<\/span><\/p>\n<p><span style=\"color: #000000;\">\u00abVamos a contar la experiencia que vivimos en el rodaje, estoy con mucha emoci\u00f3n\u00bb, sostuvo la actriz la actriz Mayella Lloclla, quien adem\u00e1s junto a un grupo de actores grab\u00f3 un trabajo audiovisual titulado \u00abAngustia\u00bb, que se puede ver en YouTube, a trav\u00e9s de YouTube: <strong>https:\/\/youtu.be\/ba6DW5fuQQs<\/strong><\/span><\/p>\n<p><span style=\"color: #000000;\">La cinta se podr\u00e1 ver, a trav\u00e9s de YouTube, a las 21:00 horas.<\/span><\/p>\n<p><img fetchpriority=\"high\" decoding=\"async\" class=\"aligncenter size-full wp-image-20849\" src=\"http:\/\/elinformanteperu.com\/wp-content\/uploads\/2018\/01\/mayella-lloclla.jpg\" alt=\"\" width=\"626\" height=\"368\" srcset=\"https:\/\/elinformanteperu.com\/wp-content\/uploads\/2018\/01\/mayella-lloclla.jpg 626w, https:\/\/elinformanteperu.com\/wp-content\/uploads\/2018\/01\/mayella-lloclla-300x176.jpg 300w, https:\/\/elinformanteperu.com\/wp-content\/uploads\/2018\/01\/mayella-lloclla-128x75.jpg 128w, https:\/\/elinformanteperu.com\/wp-content\/uploads\/2018\/01\/mayella-lloclla-32x19.jpg 32w\" sizes=\"(max-width: 626px) 100vw, 626px\" \/><\/p>\n","protected":false},"excerpt":{"rendered":"<p>La cinta nacional \u00abEl Grito\u00bb se estrenar\u00e1 este s\u00e1bado, en una emision online, debido al aislamiento social que actualmente vivimos en nuestro pa\u00eds. Lima, 20 Mayo 2020, (ANDINA).- La cinta nacional \u00abEl Grito\u00bb se estrenar\u00e1 este s\u00e1bado, en una emision online, debido al aislamiento social que actualmente vivimos en nuestro pa\u00eds. La cinta es una [&hellip;]<\/p>\n","protected":false},"author":1,"featured_media":71860,"comment_status":"open","ping_status":"open","sticky":false,"template":"","format":"standard","meta":{"rop_custom_images_group":[],"rop_custom_messages_group":[],"rop_publish_now":"initial","rop_publish_now_accounts":[],"rop_publish_now_history":[],"rop_publish_now_status":"pending","footnotes":""},"categories":[7],"tags":[5675,2650],"class_list":["post-71859","post","type-post","status-publish","format-standard","has-post-thumbnail","hentry","category-butaca","tag-el-grito","tag-mayella-lloclla"],"_links":{"self":[{"href":"https:\/\/elinformanteperu.com\/index.php\/wp-json\/wp\/v2\/posts\/71859","targetHints":{"allow":["GET"]}}],"collection":[{"href":"https:\/\/elinformanteperu.com\/index.php\/wp-json\/wp\/v2\/posts"}],"about":[{"href":"https:\/\/elinformanteperu.com\/index.php\/wp-json\/wp\/v2\/types\/post"}],"author":[{"embeddable":true,"href":"https:\/\/elinformanteperu.com\/index.php\/wp-json\/wp\/v2\/users\/1"}],"replies":[{"embeddable":true,"href":"https:\/\/elinformanteperu.com\/index.php\/wp-json\/wp\/v2\/comments?post=71859"}],"version-history":[{"count":1,"href":"https:\/\/elinformanteperu.com\/index.php\/wp-json\/wp\/v2\/posts\/71859\/revisions"}],"predecessor-version":[{"id":71861,"href":"https:\/\/elinformanteperu.com\/index.php\/wp-json\/wp\/v2\/posts\/71859\/revisions\/71861"}],"wp:featuredmedia":[{"embeddable":true,"href":"https:\/\/elinformanteperu.com\/index.php\/wp-json\/wp\/v2\/media\/71860"}],"wp:attachment":[{"href":"https:\/\/elinformanteperu.com\/index.php\/wp-json\/wp\/v2\/media?parent=71859"}],"wp:term":[{"taxonomy":"category","embeddable":true,"href":"https:\/\/elinformanteperu.com\/index.php\/wp-json\/wp\/v2\/categories?post=71859"},{"taxonomy":"post_tag","embeddable":true,"href":"https:\/\/elinformanteperu.com\/index.php\/wp-json\/wp\/v2\/tags?post=71859"}],"curies":[{"name":"wp","href":"https:\/\/api.w.org\/{rel}","templated":true}]}}