{"id":71855,"date":"2020-05-20T20:41:05","date_gmt":"2020-05-21T01:41:05","guid":{"rendered":"http:\/\/elinformanteperu.com\/?p=71855"},"modified":"2020-05-20T20:41:05","modified_gmt":"2020-05-21T01:41:05","slug":"actor-de-al-fondo-hay-sitio-wilmer-ato-fallece-victima-de-coronavirus","status":"publish","type":"post","link":"https:\/\/elinformanteperu.com\/index.php\/2020\/05\/20\/actor-de-al-fondo-hay-sitio-wilmer-ato-fallece-victima-de-coronavirus\/","title":{"rendered":"Actor de \u00abAl fondo hay sitio\u00bb Wilmer Ato fallece v\u00edctima de coronavirus"},"content":{"rendered":"<p><strong><span style=\"color: #000000;\">El actor peruano Wilmer Ato falleci\u00f3 v\u00edctima de coronavirus, seg\u00fan dieron a conocer sus allegados de la comunidad art\u00edstica.<\/span><\/strong><\/p>\n<p><span style=\"color: #000000;\"><strong>Lima, 20 Mayo 2020, (ANDINA).-<\/strong> El actor peruano Wilmer Ato falleci\u00f3 v\u00edctima de coronavirus, seg\u00fan dieron a conocer sus allegados de la comunidad art\u00edstica.<\/span><\/p>\n<p><span style=\"color: #000000;\">Pese a que ven\u00eda luchando contra la enfermedad, Ato no resisti\u00f3 m\u00e1s y su vida se apag\u00f3 por un paro respiratorio.<\/span><\/p>\n<p><span style=\"color: #000000;\">Ato se caracteriz\u00f3 por sus roles en diversas producciones nacionales como la serie de Polo Campos y Al fondo hay sitio, pero adem\u00e1s era un reconocido productor musical y descubridor de nuevos talentos en la escena peruana.<\/span><\/p>\n<p><span style=\"color: #000000;\">El actor encarn\u00f3 a un comisario en la serie nacional.<\/span><\/p>\n<p><span style=\"color: #000000;\">La p\u00e1gina de Artistas Unidos del Per\u00fa dio a conocer la triste noticia e inmediatamente su pronta partida fue notificada por sus compa\u00f1eros de arte en las redes sociales.<\/span><\/p>\n<p><span style=\"color: #000000;\">Sus familiares estuvieron en cadena de oraci\u00f3n, no solo por \u00e9l; sino por otras figuras que en este momento luchan contra este mal.<\/span><\/p>\n<p><img fetchpriority=\"high\" decoding=\"async\" class=\"aligncenter size-full wp-image-71857\" src=\"http:\/\/elinformanteperu.com\/wp-content\/uploads\/2020\/05\/Wilmer-Ato-AFHS-1.jpg\" alt=\"\" width=\"660\" height=\"378\" srcset=\"https:\/\/elinformanteperu.com\/wp-content\/uploads\/2020\/05\/Wilmer-Ato-AFHS-1.jpg 660w, https:\/\/elinformanteperu.com\/wp-content\/uploads\/2020\/05\/Wilmer-Ato-AFHS-1-300x172.jpg 300w\" sizes=\"(max-width: 660px) 100vw, 660px\" \/><\/p>\n","protected":false},"excerpt":{"rendered":"<p>El actor peruano Wilmer Ato falleci\u00f3 v\u00edctima de coronavirus, seg\u00fan dieron a conocer sus allegados de la comunidad art\u00edstica. Lima, 20 Mayo 2020, (ANDINA).- El actor peruano Wilmer Ato falleci\u00f3 v\u00edctima de coronavirus, seg\u00fan dieron a conocer sus allegados de la comunidad art\u00edstica. Pese a que ven\u00eda luchando contra la enfermedad, Ato no resisti\u00f3 m\u00e1s [&hellip;]<\/p>\n","protected":false},"author":1,"featured_media":71856,"comment_status":"open","ping_status":"open","sticky":false,"template":"","format":"standard","meta":{"rop_custom_images_group":[],"rop_custom_messages_group":[],"rop_publish_now":"initial","rop_publish_now_accounts":[],"rop_publish_now_history":[],"rop_publish_now_status":"pending","footnotes":""},"categories":[70],"tags":[5674,5673],"class_list":["post-71855","post","type-post","status-publish","format-standard","has-post-thumbnail","hentry","category-farandula","tag-al-fondo-hay-sitio","tag-wilmer-ato"],"_links":{"self":[{"href":"https:\/\/elinformanteperu.com\/index.php\/wp-json\/wp\/v2\/posts\/71855","targetHints":{"allow":["GET"]}}],"collection":[{"href":"https:\/\/elinformanteperu.com\/index.php\/wp-json\/wp\/v2\/posts"}],"about":[{"href":"https:\/\/elinformanteperu.com\/index.php\/wp-json\/wp\/v2\/types\/post"}],"author":[{"embeddable":true,"href":"https:\/\/elinformanteperu.com\/index.php\/wp-json\/wp\/v2\/users\/1"}],"replies":[{"embeddable":true,"href":"https:\/\/elinformanteperu.com\/index.php\/wp-json\/wp\/v2\/comments?post=71855"}],"version-history":[{"count":1,"href":"https:\/\/elinformanteperu.com\/index.php\/wp-json\/wp\/v2\/posts\/71855\/revisions"}],"predecessor-version":[{"id":71858,"href":"https:\/\/elinformanteperu.com\/index.php\/wp-json\/wp\/v2\/posts\/71855\/revisions\/71858"}],"wp:featuredmedia":[{"embeddable":true,"href":"https:\/\/elinformanteperu.com\/index.php\/wp-json\/wp\/v2\/media\/71856"}],"wp:attachment":[{"href":"https:\/\/elinformanteperu.com\/index.php\/wp-json\/wp\/v2\/media?parent=71855"}],"wp:term":[{"taxonomy":"category","embeddable":true,"href":"https:\/\/elinformanteperu.com\/index.php\/wp-json\/wp\/v2\/categories?post=71855"},{"taxonomy":"post_tag","embeddable":true,"href":"https:\/\/elinformanteperu.com\/index.php\/wp-json\/wp\/v2\/tags?post=71855"}],"curies":[{"name":"wp","href":"https:\/\/api.w.org\/{rel}","templated":true}]}}