{"id":71842,"date":"2020-05-20T00:31:15","date_gmt":"2020-05-20T05:31:15","guid":{"rendered":"http:\/\/elinformanteperu.com\/?p=71842"},"modified":"2020-05-20T00:31:15","modified_gmt":"2020-05-20T05:31:15","slug":"ministro-de-justicia-invoco-al-congreso-a-trabajar-de-manera-colaborativa","status":"publish","type":"post","link":"https:\/\/elinformanteperu.com\/index.php\/2020\/05\/20\/ministro-de-justicia-invoco-al-congreso-a-trabajar-de-manera-colaborativa\/","title":{"rendered":"Ministro de Justicia invoc\u00f3 al Congreso a trabajar de manera colaborativa"},"content":{"rendered":"<p><strong><span style=\"color: #000000;\">El ministro de Justicia, Fernando Casta\u00f1eda, invoc\u00f3 al Congreso a trabajar de manera colaborativa frente al pedido de facultades legislativas que har\u00e1 el Poder Ejecutivo.<\/span><\/strong><\/p>\n<p><span style=\"color: #000000;\"><strong>Lima, 19 Mayo 2020, (ANDINA).-<\/strong> El ministro de Justicia, Fernando Casta\u00f1eda, invoc\u00f3 al Congreso a trabajar de manera colaborativa frente al pedido de facultades legislativas que har\u00e1 el Poder Ejecutivo para abordar la reducci\u00f3n del hacinamiento en los penales a fin de contener los contagios por coronavirus.<\/span><\/p>\n<p><span style=\"color: #000000;\">Cit\u00f3 las palabras del propio presidente del Congreso, Manuel Merino de Lama, quien remarc\u00f3 la necesidad de la uni\u00f3n de todos los poderes frente a la pandemia.<\/span><\/p>\n<p><span style=\"color: #000000;\">En ese sentido, exhort\u00f3 a la reflexi\u00f3n a los congresistas para recoger el esp\u00edritu de esas palabras y piensen en la salud de los trabajadores penitenciarios y en resolver la situaci\u00f3n de los internos vulnerables.<\/span><\/p>\n<p><span style=\"color: #000000;\">\u201cEl enemigo com\u00fan es el virus, no somos nosotros\u201d, anot\u00f3, tras lamentar el archivo del dictamen de la Comisi\u00f3n de Justicia que buscaba dictar medidas excepcionales para facilitar el deshacinamiento de los establecimientos penitenciarios.<\/span><\/p>\n<p><span style=\"color: #000000;\">El ministro insisti\u00f3 en su invocaci\u00f3n al Congreso para \u00abtrabajar colaborativamente, y ya lo hemos demostrado que lo pudimos hacer en la Comisi\u00f3n de Justicia, extendamos ese trabajo colaborativo al pleno\u201d, expres\u00f3.<\/span><\/p>\n<p><span style=\"color: #000000;\">Aclar\u00f3 que el Ejecutivo propone una reducci\u00f3n del hacinamiento en las c\u00e1rceles de forma \u201cresponsable\u201d, sin poner en riesgo la seguridad de todos.<\/span><\/p>\n<p><span style=\"color: #000000;\">Eso significa, a\u00f1adi\u00f3, que no saldr\u00e1n a las calles violadores, feminicidas, asaltantes, sicarios, traficantes de organizaciones criminales, sino s\u00f3lo los procesados por lesiones leves.<\/span><\/p>\n","protected":false},"excerpt":{"rendered":"<p>El ministro de Justicia, Fernando Casta\u00f1eda, invoc\u00f3 al Congreso a trabajar de manera colaborativa frente al pedido de facultades legislativas que har\u00e1 el Poder Ejecutivo. Lima, 19 Mayo 2020, (ANDINA).- El ministro de Justicia, Fernando Casta\u00f1eda, invoc\u00f3 al Congreso a trabajar de manera colaborativa frente al pedido de facultades legislativas que har\u00e1 el Poder Ejecutivo [&hellip;]<\/p>\n","protected":false},"author":1,"featured_media":71843,"comment_status":"open","ping_status":"open","sticky":false,"template":"","format":"standard","meta":{"rop_custom_images_group":[],"rop_custom_messages_group":[],"rop_publish_now":"initial","rop_publish_now_accounts":[],"rop_publish_now_history":[],"rop_publish_now_status":"pending","footnotes":""},"categories":[5],"tags":[5310,166,2396],"class_list":["post-71842","post","type-post","status-publish","format-standard","has-post-thumbnail","hentry","category-actualidad-informativa","tag-fernando-castaneda","tag-ministerio-de-justicia","tag-minjus"],"_links":{"self":[{"href":"https:\/\/elinformanteperu.com\/index.php\/wp-json\/wp\/v2\/posts\/71842","targetHints":{"allow":["GET"]}}],"collection":[{"href":"https:\/\/elinformanteperu.com\/index.php\/wp-json\/wp\/v2\/posts"}],"about":[{"href":"https:\/\/elinformanteperu.com\/index.php\/wp-json\/wp\/v2\/types\/post"}],"author":[{"embeddable":true,"href":"https:\/\/elinformanteperu.com\/index.php\/wp-json\/wp\/v2\/users\/1"}],"replies":[{"embeddable":true,"href":"https:\/\/elinformanteperu.com\/index.php\/wp-json\/wp\/v2\/comments?post=71842"}],"version-history":[{"count":1,"href":"https:\/\/elinformanteperu.com\/index.php\/wp-json\/wp\/v2\/posts\/71842\/revisions"}],"predecessor-version":[{"id":71844,"href":"https:\/\/elinformanteperu.com\/index.php\/wp-json\/wp\/v2\/posts\/71842\/revisions\/71844"}],"wp:featuredmedia":[{"embeddable":true,"href":"https:\/\/elinformanteperu.com\/index.php\/wp-json\/wp\/v2\/media\/71843"}],"wp:attachment":[{"href":"https:\/\/elinformanteperu.com\/index.php\/wp-json\/wp\/v2\/media?parent=71842"}],"wp:term":[{"taxonomy":"category","embeddable":true,"href":"https:\/\/elinformanteperu.com\/index.php\/wp-json\/wp\/v2\/categories?post=71842"},{"taxonomy":"post_tag","embeddable":true,"href":"https:\/\/elinformanteperu.com\/index.php\/wp-json\/wp\/v2\/tags?post=71842"}],"curies":[{"name":"wp","href":"https:\/\/api.w.org\/{rel}","templated":true}]}}