{"id":71839,"date":"2020-05-20T00:28:44","date_gmt":"2020-05-20T05:28:44","guid":{"rendered":"http:\/\/elinformanteperu.com\/?p=71839"},"modified":"2020-05-20T00:28:44","modified_gmt":"2020-05-20T05:28:44","slug":"merino-congreso-esta-dispuesto-a-trabajar-con-el-ejecutivo-pero-con-verdades-al-frente","status":"publish","type":"post","link":"https:\/\/elinformanteperu.com\/index.php\/2020\/05\/20\/merino-congreso-esta-dispuesto-a-trabajar-con-el-ejecutivo-pero-con-verdades-al-frente\/","title":{"rendered":"Merino: Congreso est\u00e1 dispuesto a trabajar con el Ejecutivo, pero \u00abcon verdades al frente\u00bb"},"content":{"rendered":"<p><strong><span style=\"color: #000000;\">El presidente del Congreso, Manuel Merino De Lama (Acci\u00f3n Popular), expres\u00f3 su disposici\u00f3n a trabajar en forma conjunta con el Ejecutivo en diversos temas del quehacer nacional.<\/span><\/strong><\/p>\n<p><span style=\"color: #000000;\"><strong>Lima, 19 Mayo 2020, (ANDINA).-<\/strong> El presidente del Congreso de la Rep\u00fablica, Manuel Merino De Lama (Acci\u00f3n Popular), expres\u00f3 su disposici\u00f3n a trabajar en forma conjunta con el Ejecutivo en diversos temas del quehacer nacional, \u201cpero con verdades al frente, ni con medias verdades y menos con mentiras\u201d.<\/span><\/p>\n<p><span style=\"color: #000000;\">En conferencia de prensa, el titular del Parlamento precis\u00f3 tambi\u00e9n que el jefe del Gabinete, Vicente Zeballos, tiene que presentarse ante el Legislativo para recibir el voto de confianza y que la sesi\u00f3n ser\u00e1 solo con la Mesa Directiva y los 9 portavoces en el hemiciclo del Congreso.<\/span><\/p>\n<p><span style=\"color: #000000;\">\u201cTenemos que reafirmar desde el Parlamento Nacional toda nuestra disposici\u00f3n de apoyar al Gobierno, pero con verdades al frente, ni con medias verdades y menos con mentiras, esa es nuestra responsabilidad\u201d, asever\u00f3 desde el Palacio Legislativo.<\/span><\/p>\n<p><span style=\"color: #000000;\">En este contexto, Merino expres\u00f3 que esta disposici\u00f3n est\u00e1 presente en cada una de las comisiones ordinarias y cada uno de los subgrupos de trabajo congresales.<\/span><\/p>\n<p><span style=\"color: #000000;\">\u201cEl Per\u00fa as\u00ed lo necesita y ese es nuestro compromiso. Tenemos que sacar adelante al Per\u00fa trabajando de la mano, dando soporte cuando haya errores y fiscalizando cuando se registre un acto de corrupci\u00f3n\u201d, enfatiz\u00f3.<\/span><\/p>\n<p><span style=\"color: #000000;\">El legislador de Acci\u00f3n Popular rechaz\u00f3 las expresiones del Gobierno respecto a la actuaci\u00f3n del Parlamento en el actual contexto de emergencia nacional y asegur\u00f3 que este Legislativo es diferente al anterior.<\/span><\/p>\n<p><strong><span style=\"color: #000000;\">Confianza<\/span><\/strong><\/p>\n<p><span style=\"color: #000000;\">Sobre la presentaci\u00f3n del jefe del Gabinete, el titular del Congreso sostuvo que Zeballos no cuenta con la confianza del actual Parlamento, por lo que se le invit\u00f3 a presentarse ante el pleno entre el 26 y 28 de mayo, tras el levantamiento del estado de emergencia por el covid-19.<\/span><\/p>\n<p><span style=\"color: #000000;\">Esta sesi\u00f3n, precis\u00f3, \u201cser\u00e1 presencial solo con los miembros de la mesa directiva y los 9 integrantes de la Junta de Portavoces\u201d. Los dem\u00e1s legisladores participar\u00e1n en forma virtual, agreg\u00f3.<\/span><\/p>\n<p><span style=\"color: #000000;\">Sobre los riesgos que podr\u00eda significar esta actividad durante el actual contexto de emergencia sanitaria, Merino de Lama asever\u00f3 que las reuniones del Gabinete Ministerial son en ambientes m\u00e1s peque\u00f1os que el hemiciclo del Palacio Legislativo.<\/span><\/p>\n","protected":false},"excerpt":{"rendered":"<p>El presidente del Congreso, Manuel Merino De Lama (Acci\u00f3n Popular), expres\u00f3 su disposici\u00f3n a trabajar en forma conjunta con el Ejecutivo en diversos temas del quehacer nacional. Lima, 19 Mayo 2020, (ANDINA).- El presidente del Congreso de la Rep\u00fablica, Manuel Merino De Lama (Acci\u00f3n Popular), expres\u00f3 su disposici\u00f3n a trabajar en forma conjunta con el [&hellip;]<\/p>\n","protected":false},"author":1,"featured_media":71840,"comment_status":"open","ping_status":"open","sticky":false,"template":"","format":"standard","meta":{"rop_custom_images_group":[],"rop_custom_messages_group":[],"rop_publish_now":"initial","rop_publish_now_accounts":[],"rop_publish_now_history":[],"rop_publish_now_status":"pending","footnotes":""},"categories":[5],"tags":[326,192,5299],"class_list":["post-71839","post","type-post","status-publish","format-standard","has-post-thumbnail","hentry","category-actualidad-informativa","tag-accion-popular","tag-congreso","tag-manuel-merino-de-lama"],"_links":{"self":[{"href":"https:\/\/elinformanteperu.com\/index.php\/wp-json\/wp\/v2\/posts\/71839","targetHints":{"allow":["GET"]}}],"collection":[{"href":"https:\/\/elinformanteperu.com\/index.php\/wp-json\/wp\/v2\/posts"}],"about":[{"href":"https:\/\/elinformanteperu.com\/index.php\/wp-json\/wp\/v2\/types\/post"}],"author":[{"embeddable":true,"href":"https:\/\/elinformanteperu.com\/index.php\/wp-json\/wp\/v2\/users\/1"}],"replies":[{"embeddable":true,"href":"https:\/\/elinformanteperu.com\/index.php\/wp-json\/wp\/v2\/comments?post=71839"}],"version-history":[{"count":1,"href":"https:\/\/elinformanteperu.com\/index.php\/wp-json\/wp\/v2\/posts\/71839\/revisions"}],"predecessor-version":[{"id":71841,"href":"https:\/\/elinformanteperu.com\/index.php\/wp-json\/wp\/v2\/posts\/71839\/revisions\/71841"}],"wp:featuredmedia":[{"embeddable":true,"href":"https:\/\/elinformanteperu.com\/index.php\/wp-json\/wp\/v2\/media\/71840"}],"wp:attachment":[{"href":"https:\/\/elinformanteperu.com\/index.php\/wp-json\/wp\/v2\/media?parent=71839"}],"wp:term":[{"taxonomy":"category","embeddable":true,"href":"https:\/\/elinformanteperu.com\/index.php\/wp-json\/wp\/v2\/categories?post=71839"},{"taxonomy":"post_tag","embeddable":true,"href":"https:\/\/elinformanteperu.com\/index.php\/wp-json\/wp\/v2\/tags?post=71839"}],"curies":[{"name":"wp","href":"https:\/\/api.w.org\/{rel}","templated":true}]}}