{"id":71836,"date":"2020-05-20T00:26:53","date_gmt":"2020-05-20T05:26:53","guid":{"rendered":"http:\/\/elinformanteperu.com\/?p=71836"},"modified":"2020-05-20T00:26:53","modified_gmt":"2020-05-20T05:26:53","slug":"policia-y-fuerzas-armadas-estan-con-la-moral-al-tope-comprometidas-con-el-pais","status":"publish","type":"post","link":"https:\/\/elinformanteperu.com\/index.php\/2020\/05\/20\/policia-y-fuerzas-armadas-estan-con-la-moral-al-tope-comprometidas-con-el-pais\/","title":{"rendered":"Polic\u00eda y Fuerzas Armadas est\u00e1n con la moral al tope comprometidas con el pa\u00eds"},"content":{"rendered":"<p><strong><span style=\"color: #000000;\">La Polic\u00eda y Fuerzas Armadas se encuentran con la moral al tope comprometidas con el pa\u00eds en el combate al coronavirus, sostuvo hoy el presidente Mart\u00edn Vizcarra.<\/span><\/strong><\/p>\n<p><span style=\"color: #000000;\"><strong>Lima, 19 Mayo 2020, (ANDINA).<\/strong>&#8211; La Polic\u00eda y Fuerzas Armadas se encuentran con la moral al tope comprometidas con el pa\u00eds en el combate al coronavirus, sostuvo hoy el presidente Mart\u00edn Vizcarra.<\/span><\/p>\n<p><span style=\"color: #000000;\">\u00abTodos estamos en la primera l\u00ednea y dispuestos a combatir hasta ganar la batalla, como nos lo hemos propuesto todos juntos\u00bb, apunt\u00f3.<\/span><\/p>\n<p><span style=\"color: #000000;\">En ese sentido, el Mandatario descart\u00f3 que se estuvieran presentando pedidos de baja en la Polic\u00eda Nacional debido a la pandemia.<\/span><\/p>\n<p><span style=\"color: #000000;\">\u201cDe ninguna manera, he consultado con el ministro del Interior y, muy por el contrario, tenemos la caracter\u00edstica de una Polic\u00eda y unas Fuerzas Armadas comprometidas con el pa\u00eds, con la mora al tope, siguiendo, como lo hacemos nosotros, el combate contra el enemigo: el virus\u201d, apunt\u00f3.<\/span><\/p>\n<p><span style=\"color: #000000;\">Record\u00f3 que el Ej\u00e9rcito, en medio de la pandemia, convoc\u00f3 a reservistas para reintegrarse al servicio con una expectativa de recibir a 10,000 personas, pero se presentaron 16,000.<\/span><\/p>\n<p><span style=\"color: #000000;\">\u201cEse es el peruano comprometido con el pa\u00eds, cuando sabe que la Patria lo llama est\u00e1 presente\u201d, refiri\u00f3.<\/span><\/p>\n<p><span style=\"color: #000000;\">Lo propio, dijo, sucede en la Polic\u00eda Nacional donde se han recibido solicitudes de reincorporaci\u00f3n al servicio.<\/span><\/p>\n<p><span style=\"color: #000000;\">\u201cNo se equivoquen, los peruanos estamos en la primera l\u00ednea y dispuestos a contribuir hasta ganar la batalla, como nos lo hemos propuesto todos juntos\u201d, refiri\u00f3.<\/span><\/p>\n<p><strong><span style=\"color: #000000;\">No bajar la guardia<\/span><\/strong><\/p>\n<p><span style=\"color: #000000;\">El presidente Vizcarra, asimismo, llam\u00f3 a la poblaci\u00f3n a no bajar la guardia en las medidas sanitarias para evitar los contagios de coronavirus, como el lavado de manos, el uso de mascarillas y la distancia social, as\u00ed como evitar las concentraciones hasta que se produzca un tratamiento efectivo o la vacuna.<\/span><\/p>\n<p><span style=\"color: #000000;\">Sostuvo que las autoridades locales, as\u00ed como las fuerzas policiales y militares deben mantener el orden y las restricciones de movilidad a fin de no generar focos de contagio.<\/span><\/p>\n<p><span style=\"color: #000000;\">\u201cEstamos as\u00ed, trabajando, mostr\u00e1ndonos a ustedes con la verdad y la transparencia que tiene una autoridad que se debe a su pueblo, el momento es dif\u00edcil pero la fortaleza nos permitir\u00e1 seguir trabajando\u201d, puntualiz\u00f3.<\/span><\/p>\n","protected":false},"excerpt":{"rendered":"<p>La Polic\u00eda y Fuerzas Armadas se encuentran con la moral al tope comprometidas con el pa\u00eds en el combate al coronavirus, sostuvo hoy el presidente Mart\u00edn Vizcarra. Lima, 19 Mayo 2020, (ANDINA).&#8211; La Polic\u00eda y Fuerzas Armadas se encuentran con la moral al tope comprometidas con el pa\u00eds en el combate al coronavirus, sostuvo hoy [&hellip;]<\/p>\n","protected":false},"author":1,"featured_media":71837,"comment_status":"open","ping_status":"open","sticky":false,"template":"","format":"standard","meta":{"rop_custom_images_group":[],"rop_custom_messages_group":[],"rop_publish_now":"initial","rop_publish_now_accounts":[],"rop_publish_now_history":[],"rop_publish_now_status":"pending","footnotes":""},"categories":[5],"tags":[192,2237,281],"class_list":["post-71836","post","type-post","status-publish","format-standard","has-post-thumbnail","hentry","category-actualidad-informativa","tag-congreso","tag-fuerzas-armadas","tag-policia-nacional"],"_links":{"self":[{"href":"https:\/\/elinformanteperu.com\/index.php\/wp-json\/wp\/v2\/posts\/71836","targetHints":{"allow":["GET"]}}],"collection":[{"href":"https:\/\/elinformanteperu.com\/index.php\/wp-json\/wp\/v2\/posts"}],"about":[{"href":"https:\/\/elinformanteperu.com\/index.php\/wp-json\/wp\/v2\/types\/post"}],"author":[{"embeddable":true,"href":"https:\/\/elinformanteperu.com\/index.php\/wp-json\/wp\/v2\/users\/1"}],"replies":[{"embeddable":true,"href":"https:\/\/elinformanteperu.com\/index.php\/wp-json\/wp\/v2\/comments?post=71836"}],"version-history":[{"count":1,"href":"https:\/\/elinformanteperu.com\/index.php\/wp-json\/wp\/v2\/posts\/71836\/revisions"}],"predecessor-version":[{"id":71838,"href":"https:\/\/elinformanteperu.com\/index.php\/wp-json\/wp\/v2\/posts\/71836\/revisions\/71838"}],"wp:featuredmedia":[{"embeddable":true,"href":"https:\/\/elinformanteperu.com\/index.php\/wp-json\/wp\/v2\/media\/71837"}],"wp:attachment":[{"href":"https:\/\/elinformanteperu.com\/index.php\/wp-json\/wp\/v2\/media?parent=71836"}],"wp:term":[{"taxonomy":"category","embeddable":true,"href":"https:\/\/elinformanteperu.com\/index.php\/wp-json\/wp\/v2\/categories?post=71836"},{"taxonomy":"post_tag","embeddable":true,"href":"https:\/\/elinformanteperu.com\/index.php\/wp-json\/wp\/v2\/tags?post=71836"}],"curies":[{"name":"wp","href":"https:\/\/api.w.org\/{rel}","templated":true}]}}