{"id":71834,"date":"2020-05-20T00:19:28","date_gmt":"2020-05-20T05:19:28","guid":{"rendered":"http:\/\/elinformanteperu.com\/?p=71834"},"modified":"2020-05-20T00:19:28","modified_gmt":"2020-05-20T05:19:28","slug":"pleno-del-congreso-debatira-este-jueves-propuestas-vinculadas-a-emergencia-sanitaria","status":"publish","type":"post","link":"https:\/\/elinformanteperu.com\/index.php\/2020\/05\/20\/pleno-del-congreso-debatira-este-jueves-propuestas-vinculadas-a-emergencia-sanitaria\/","title":{"rendered":"Pleno del Congreso debatir\u00e1 este jueves propuestas vinculadas a emergencia sanitaria"},"content":{"rendered":"<p><strong><span style=\"color: #000000;\">El pleno del Congreso de la Rep\u00fablica se reunir\u00e1 este jueves 21 de manera virtual para debatir diversas propuestas vinculadas a la emergencia sanitaria.<\/span><\/strong><\/p>\n<p><span style=\"color: #000000;\"><strong>Lima, 19 Mayo 2020, (ANDINA).-<\/strong> El pleno del Congreso de la Rep\u00fablica se reunir\u00e1 este jueves 21 de manera virtual para debatir diversas propuestas vinculadas a la emergencia sanitaria que vive el pa\u00eds por la pandemia del coronavirus (covid-19).<\/span><\/p>\n<p><span style=\"color: #000000;\">En la agenda figura tambi\u00e9n la discusi\u00f3n de los dict\u00e1menes relacionados a la imposici\u00f3n de sanciones contra el acaparamiento, especulaci\u00f3n y adulteraci\u00f3n de productos de primera necesidad en zonas de emergencia por desastres.<\/span><\/p>\n<p><span style=\"color: #000000;\">El documento fue firmado por los voceros de Acci\u00f3n Popular, Frepap, Podemos Per\u00fa, Somos Per\u00fa, APP y Frente Amplio que buscan evitar que durante la actual situaci\u00f3n personas inescrupulosas escondan los alimentos con el objeto de elevar posteriormente sus precios.<\/span><\/p>\n<p><span style=\"color: #000000;\">El s\u00e1bado \u00faltimo la Comisi\u00f3n de Defensa del Consumidor solicit\u00f3 al titular del Parlamento, Manuel Merino De Lama, la ampliaci\u00f3n y priorizaci\u00f3n de la agenda del pr\u00f3ximo pleno para que se incluya el dictamen de insistencia que qued\u00f3 pendiente.<\/span><\/p>\n<p><span style=\"color: #000000;\">Asimismo, este grupo de trabajo, que preside el parlamentario Jos\u00e9 Luna Morales (PP), acord\u00f3 solicitar que se deriven a esa comisi\u00f3n los proyectos de ley que proponen que la tipificaci\u00f3n de esos delitos (acaparamiento, especulaci\u00f3n) sea tambi\u00e9n aplicada en las zonas declaradas en estado de emergencia.<\/span><\/p>\n<p><span style=\"color: #000000;\">Ese requerimiento se formula con el fin de que el grupo de trabajo elabore el dictamen con car\u00e1cter de urgencia y atienda esa problem\u00e1tica que actualmente vive la poblaci\u00f3n peruana debido a los efectos de la pandemia del covid-19.<\/span><\/p>\n<p><span style=\"color: #000000;\">Adem\u00e1s, los congresistas de diferentes comisiones trasladaron el reclamo de la poblaci\u00f3n a las autoridades del Ministerio de Salud (Minsa), Susalud, Digemid y otros, a quienes solicitaron m\u00e1s control y fiscalizaci\u00f3n a los establecimientos farmac\u00e9uticos de venta de medicinas.<\/span><\/p>\n<p><strong><span style=\"color: #000000;\">Seguro<\/span><\/strong><\/p>\n<p><span style=\"color: #000000;\">De otro lado, la Comisi\u00f3n de Trabajo y Seguridad Social aprob\u00f3 el dictamen que propone una ley que otorga, de manera excepcional, un seguro de salud, seguro complementario de trabajo de riesgo y seguro de vida para las personas que laboran o prestan servicios de salud relacionadas con la emergencia sanitaria producida el covid-19.<\/span><\/p>\n<p><span style=\"color: #000000;\">La propuesta dispone otorgar los siguientes beneficios: afiliaci\u00f3n al r\u00e9gimen contributivo que administra Essalud para quienes no cuenten con seguro de salud, y un Seguro Complementario de Trabajo de Riesgo para aquellos beneficiarios que no cuenten con este seguro y una p\u00f3liza de seguro de vida.<\/span><\/p>\n<p><strong><span style=\"color: #000000;\">Agenda<\/span><\/strong><\/p>\n<p><span style=\"color: #000000;\">Cinco dict\u00e1menes figuran en la agenda del pleno de la sesi\u00f3n virtual que se realizar\u00e1 el pr\u00f3ximo jueves 21. Entre ellos est\u00e1 el que propone la ley que declara en emergencia el sistema nacional de salud y regula su proceso de reforma.<\/span><\/p>\n<p><span style=\"color: #000000;\">El segundo dictamen reca\u00eddo en el proyecto de ley 5098 propone la ley que incorpora al covid-19 dentro del listado de enfermedades profesionales.<\/span><\/p>\n<p><span style=\"color: #000000;\">Se propone tambi\u00e9n la ley que reconoce el trabajo de los servidores p\u00fablicos en el \u00e1mbito de la salud, en el contexto de la emergencia nacional por las graves circunstancias que afectan la vida y la salud de la naci\u00f3n a consecuencia del brote del coronavirus, entre otros.<\/span><\/p>\n","protected":false},"excerpt":{"rendered":"<p>El pleno del Congreso de la Rep\u00fablica se reunir\u00e1 este jueves 21 de manera virtual para debatir diversas propuestas vinculadas a la emergencia sanitaria. Lima, 19 Mayo 2020, (ANDINA).- El pleno del Congreso de la Rep\u00fablica se reunir\u00e1 este jueves 21 de manera virtual para debatir diversas propuestas vinculadas a la emergencia sanitaria que vive [&hellip;]<\/p>\n","protected":false},"author":1,"featured_media":71110,"comment_status":"open","ping_status":"open","sticky":false,"template":"","format":"standard","meta":{"rop_custom_images_group":[],"rop_custom_messages_group":[],"rop_publish_now":"initial","rop_publish_now_accounts":[],"rop_publish_now_history":[],"rop_publish_now_status":"pending","footnotes":""},"categories":[5],"tags":[192],"class_list":["post-71834","post","type-post","status-publish","format-standard","has-post-thumbnail","hentry","category-actualidad-informativa","tag-congreso"],"_links":{"self":[{"href":"https:\/\/elinformanteperu.com\/index.php\/wp-json\/wp\/v2\/posts\/71834","targetHints":{"allow":["GET"]}}],"collection":[{"href":"https:\/\/elinformanteperu.com\/index.php\/wp-json\/wp\/v2\/posts"}],"about":[{"href":"https:\/\/elinformanteperu.com\/index.php\/wp-json\/wp\/v2\/types\/post"}],"author":[{"embeddable":true,"href":"https:\/\/elinformanteperu.com\/index.php\/wp-json\/wp\/v2\/users\/1"}],"replies":[{"embeddable":true,"href":"https:\/\/elinformanteperu.com\/index.php\/wp-json\/wp\/v2\/comments?post=71834"}],"version-history":[{"count":1,"href":"https:\/\/elinformanteperu.com\/index.php\/wp-json\/wp\/v2\/posts\/71834\/revisions"}],"predecessor-version":[{"id":71835,"href":"https:\/\/elinformanteperu.com\/index.php\/wp-json\/wp\/v2\/posts\/71834\/revisions\/71835"}],"wp:featuredmedia":[{"embeddable":true,"href":"https:\/\/elinformanteperu.com\/index.php\/wp-json\/wp\/v2\/media\/71110"}],"wp:attachment":[{"href":"https:\/\/elinformanteperu.com\/index.php\/wp-json\/wp\/v2\/media?parent=71834"}],"wp:term":[{"taxonomy":"category","embeddable":true,"href":"https:\/\/elinformanteperu.com\/index.php\/wp-json\/wp\/v2\/categories?post=71834"},{"taxonomy":"post_tag","embeddable":true,"href":"https:\/\/elinformanteperu.com\/index.php\/wp-json\/wp\/v2\/tags?post=71834"}],"curies":[{"name":"wp","href":"https:\/\/api.w.org\/{rel}","templated":true}]}}