{"id":71828,"date":"2020-05-20T00:13:36","date_gmt":"2020-05-20T05:13:36","guid":{"rendered":"http:\/\/elinformanteperu.com\/?p=71828"},"modified":"2020-05-20T00:13:36","modified_gmt":"2020-05-20T05:13:36","slug":"presidente-vizcarra-informa-que-dio-negativo-a-prueba-covid-19","status":"publish","type":"post","link":"https:\/\/elinformanteperu.com\/index.php\/2020\/05\/20\/presidente-vizcarra-informa-que-dio-negativo-a-prueba-covid-19\/","title":{"rendered":"Presidente Vizcarra informa que dio negativo a prueba covid-19"},"content":{"rendered":"<p><strong><span style=\"color: #000000;\">El Presidente de la Rep\u00fablica, Mart\u00edn Vizcarra, inform\u00f3 que dio negativo a la prueba de covid-19 a la que se someti\u00f3 junto a trabajadores del Palacio de Gobierno.<\/span><\/strong><\/p>\n<p><span style=\"color: #000000;\"><strong>Lima, 19 Mayo 2020, (ANDINA).-<\/strong> El Presidente de la Rep\u00fablica, Mart\u00edn Vizcarra, inform\u00f3 que dio negativo a la prueba de covid-19 a la que se someti\u00f3 junto a trabajadores del Palacio de Gobierno.<\/span><\/p>\n<p><span style=\"color: #000000;\">En conferencia de prensa, el Mandatario explic\u00f3 que la prueba le fue tomada en la v\u00edspera y el resultado dio negativo, tras recordar que es muy escrupuloso con las indicaciones brindadas para evitar el contagio.<\/span><\/p>\n<p><span style=\"color: #000000;\">Mencion\u00f3, en ese sentido, que las recomendaciones pasan por la distancia social, no permitir la aglomeraci\u00f3n y procurar una higiene permanente con agua y jab\u00f3n, o alcohol l\u00edquido.<\/span><\/p>\n<p><span style=\"color: #000000;\">De igual forma, el uso de mascarilla y evitar salir, en lo posible, y si se sale buscar mantener una distancia m\u00ednima de un metro respecto de otras personas, subray\u00f3.<\/span><\/p>\n<p><span style=\"color: #000000;\">El Jefe del Estado refiri\u00f3 que anteriormente tuvo que desmentir que era tratado por covid-19 en una cl\u00ednica, por lo que insisti\u00f3 en su llamado a no creer en informaciones falsas.<\/span><\/p>\n<p><span style=\"color: #000000;\">\u00abLas noticias falsas no se transmiten solas, sino que las transmiten las personas. Hay que combatir la desinformaci\u00f3n\u00bb, manifest\u00f3.<\/span><\/p>\n<p><span style=\"color: #000000;\">Reiter\u00f3, asimismo, la necesidad de continuar con el esfuerzo de trabajar de forma articulada y en unidad para enfrentar la pandemia del coronavirus.<\/span><\/p>\n","protected":false},"excerpt":{"rendered":"<p>El Presidente de la Rep\u00fablica, Mart\u00edn Vizcarra, inform\u00f3 que dio negativo a la prueba de covid-19 a la que se someti\u00f3 junto a trabajadores del Palacio de Gobierno. Lima, 19 Mayo 2020, (ANDINA).- El Presidente de la Rep\u00fablica, Mart\u00edn Vizcarra, inform\u00f3 que dio negativo a la prueba de covid-19 a la que se someti\u00f3 junto [&hellip;]<\/p>\n","protected":false},"author":1,"featured_media":71829,"comment_status":"open","ping_status":"open","sticky":false,"template":"","format":"standard","meta":{"rop_custom_images_group":[],"rop_custom_messages_group":[],"rop_publish_now":"initial","rop_publish_now_accounts":[],"rop_publish_now_history":[],"rop_publish_now_status":"pending","footnotes":""},"categories":[5],"tags":[5236,5364,289,1421],"class_list":["post-71828","post","type-post","status-publish","format-standard","has-post-thumbnail","hentry","category-actualidad-informativa","tag-coronavirus","tag-covid-19","tag-martin-vizcarra","tag-poder-ejecutivo"],"_links":{"self":[{"href":"https:\/\/elinformanteperu.com\/index.php\/wp-json\/wp\/v2\/posts\/71828","targetHints":{"allow":["GET"]}}],"collection":[{"href":"https:\/\/elinformanteperu.com\/index.php\/wp-json\/wp\/v2\/posts"}],"about":[{"href":"https:\/\/elinformanteperu.com\/index.php\/wp-json\/wp\/v2\/types\/post"}],"author":[{"embeddable":true,"href":"https:\/\/elinformanteperu.com\/index.php\/wp-json\/wp\/v2\/users\/1"}],"replies":[{"embeddable":true,"href":"https:\/\/elinformanteperu.com\/index.php\/wp-json\/wp\/v2\/comments?post=71828"}],"version-history":[{"count":1,"href":"https:\/\/elinformanteperu.com\/index.php\/wp-json\/wp\/v2\/posts\/71828\/revisions"}],"predecessor-version":[{"id":71830,"href":"https:\/\/elinformanteperu.com\/index.php\/wp-json\/wp\/v2\/posts\/71828\/revisions\/71830"}],"wp:featuredmedia":[{"embeddable":true,"href":"https:\/\/elinformanteperu.com\/index.php\/wp-json\/wp\/v2\/media\/71829"}],"wp:attachment":[{"href":"https:\/\/elinformanteperu.com\/index.php\/wp-json\/wp\/v2\/media?parent=71828"}],"wp:term":[{"taxonomy":"category","embeddable":true,"href":"https:\/\/elinformanteperu.com\/index.php\/wp-json\/wp\/v2\/categories?post=71828"},{"taxonomy":"post_tag","embeddable":true,"href":"https:\/\/elinformanteperu.com\/index.php\/wp-json\/wp\/v2\/tags?post=71828"}],"curies":[{"name":"wp","href":"https:\/\/api.w.org\/{rel}","templated":true}]}}