{"id":71775,"date":"2020-05-19T21:01:10","date_gmt":"2020-05-20T02:01:10","guid":{"rendered":"http:\/\/elinformanteperu.com\/?p=71775"},"modified":"2020-05-19T21:01:10","modified_gmt":"2020-05-20T02:01:10","slug":"capello-ronaldo-nazario-fue-el-que-me-creo-mas-problemas-en-el-vestuario","status":"publish","type":"post","link":"https:\/\/elinformanteperu.com\/index.php\/2020\/05\/19\/capello-ronaldo-nazario-fue-el-que-me-creo-mas-problemas-en-el-vestuario\/","title":{"rendered":"Capello: \u00abRonaldo Nazario fue el que me cre\u00f3 m\u00e1s problemas en el vestuario"},"content":{"rendered":"<p><strong><span style=\"color: #000000;\">Fabio Capello, exentrenador del Real Madrid, entre otros, confes\u00f3 que el brasile\u00f1o Ronaldo Nazario fue el \u00abtalento m\u00e1s grande\u00bb que entren\u00f3.<\/span><\/strong><\/p>\n<p><span style=\"color: #000000;\"><strong>Lima, 19 Mayo 2020, (ANDINA).-<\/strong> Fabio Capello, exentrenador del Real Madrid, entre otros, confes\u00f3 que el brasile\u00f1o Ronaldo Nazario fue el \u00abtalento m\u00e1s grande\u00bb que entren\u00f3 y a la vez el que le \u00abcre\u00f3 m\u00e1s problemas en el vestuario\u00bb.<\/span><\/p>\n<p><span style=\"color: #000000;\">Capello, que entren\u00f3 a Ronaldo en la primera parte de la temporada 2006-2007 en el Real Madrid y que tiene un fuerte v\u00ednculo de amistad con \u00e9l, cont\u00f3 an\u00e9cdotas sobre su experiencia con el exdelantero brasile\u00f1o en esos meses.<\/span><\/p>\n<p><span style=\"color: #000000;\">\u00abEl talento m\u00e1s grande que entren\u00e9 es Ronaldo, el &#8216;Gordo&#8217;, para que nos entendamos. Y a la vez fue el que m\u00e1s problemas me cre\u00f3 en el vestuario. Hac\u00eda fiestas, cualquier cosa. Una vez (el holand\u00e9s Ruud) Van Nistelrooy me dijo &#8216;m\u00edster, pero aqu\u00ed en el vestuario huele a alcohol'\u00bb, confes\u00f3 Capello en la televisi\u00f3n privada italiana \u00abSky Sport\u00bb.<\/span><\/p>\n<p><span style=\"color: #000000;\">\u00abLuego cuando Ronaldo se fue (al Milan, en enero de 2007), nosotros empezamos a ganar, pero si hablamos de talento, \u00e9l fue el m\u00e1s grande, sin duda\u00bb, agreg\u00f3 el t\u00e9cnico italiano, que conquist\u00f3 dos Ligas en sus dos etapas en el Real Madrid, en 1997 y en 2007.<\/span><\/p>\n<p><span style=\"color: #000000;\">Capello tambi\u00e9n dijo que se ve \u00aba menudo\u00bb con Ronaldo durante el a\u00f1o y que suelen charlar con placer.<\/span><\/p>\n<p><img fetchpriority=\"high\" decoding=\"async\" class=\"aligncenter size-full wp-image-39606\" src=\"http:\/\/elinformanteperu.com\/wp-content\/uploads\/2018\/12\/ronaldo-brasil-campeon.jpg\" alt=\"\" width=\"1800\" height=\"1241\" srcset=\"https:\/\/elinformanteperu.com\/wp-content\/uploads\/2018\/12\/ronaldo-brasil-campeon.jpg 1800w, https:\/\/elinformanteperu.com\/wp-content\/uploads\/2018\/12\/ronaldo-brasil-campeon-300x207.jpg 300w, https:\/\/elinformanteperu.com\/wp-content\/uploads\/2018\/12\/ronaldo-brasil-campeon-768x529.jpg 768w, https:\/\/elinformanteperu.com\/wp-content\/uploads\/2018\/12\/ronaldo-brasil-campeon-1024x706.jpg 1024w, https:\/\/elinformanteperu.com\/wp-content\/uploads\/2018\/12\/ronaldo-brasil-campeon-128x88.jpg 128w, https:\/\/elinformanteperu.com\/wp-content\/uploads\/2018\/12\/ronaldo-brasil-campeon-32x22.jpg 32w\" sizes=\"(max-width: 1800px) 100vw, 1800px\" \/><\/p>\n","protected":false},"excerpt":{"rendered":"<p>Fabio Capello, exentrenador del Real Madrid, entre otros, confes\u00f3 que el brasile\u00f1o Ronaldo Nazario fue el \u00abtalento m\u00e1s grande\u00bb que entren\u00f3. Lima, 19 Mayo 2020, (ANDINA).- Fabio Capello, exentrenador del Real Madrid, entre otros, confes\u00f3 que el brasile\u00f1o Ronaldo Nazario fue el \u00abtalento m\u00e1s grande\u00bb que entren\u00f3 y a la vez el que le \u00abcre\u00f3 [&hellip;]<\/p>\n","protected":false},"author":1,"featured_media":71776,"comment_status":"open","ping_status":"open","sticky":false,"template":"","format":"standard","meta":{"rop_custom_images_group":[],"rop_custom_messages_group":[],"rop_publish_now":"initial","rop_publish_now_accounts":[],"rop_publish_now_history":[],"rop_publish_now_status":"pending","footnotes":""},"categories":[8],"tags":[5671,423,3239],"class_list":["post-71775","post","type-post","status-publish","format-standard","has-post-thumbnail","hentry","category-disciplinas-deportivas","tag-fabio-capello","tag-real-madrid","tag-ronaldo"],"_links":{"self":[{"href":"https:\/\/elinformanteperu.com\/index.php\/wp-json\/wp\/v2\/posts\/71775","targetHints":{"allow":["GET"]}}],"collection":[{"href":"https:\/\/elinformanteperu.com\/index.php\/wp-json\/wp\/v2\/posts"}],"about":[{"href":"https:\/\/elinformanteperu.com\/index.php\/wp-json\/wp\/v2\/types\/post"}],"author":[{"embeddable":true,"href":"https:\/\/elinformanteperu.com\/index.php\/wp-json\/wp\/v2\/users\/1"}],"replies":[{"embeddable":true,"href":"https:\/\/elinformanteperu.com\/index.php\/wp-json\/wp\/v2\/comments?post=71775"}],"version-history":[{"count":1,"href":"https:\/\/elinformanteperu.com\/index.php\/wp-json\/wp\/v2\/posts\/71775\/revisions"}],"predecessor-version":[{"id":71777,"href":"https:\/\/elinformanteperu.com\/index.php\/wp-json\/wp\/v2\/posts\/71775\/revisions\/71777"}],"wp:featuredmedia":[{"embeddable":true,"href":"https:\/\/elinformanteperu.com\/index.php\/wp-json\/wp\/v2\/media\/71776"}],"wp:attachment":[{"href":"https:\/\/elinformanteperu.com\/index.php\/wp-json\/wp\/v2\/media?parent=71775"}],"wp:term":[{"taxonomy":"category","embeddable":true,"href":"https:\/\/elinformanteperu.com\/index.php\/wp-json\/wp\/v2\/categories?post=71775"},{"taxonomy":"post_tag","embeddable":true,"href":"https:\/\/elinformanteperu.com\/index.php\/wp-json\/wp\/v2\/tags?post=71775"}],"curies":[{"name":"wp","href":"https:\/\/api.w.org\/{rel}","templated":true}]}}