{"id":71672,"date":"2020-05-18T13:55:39","date_gmt":"2020-05-18T18:55:39","guid":{"rendered":"http:\/\/elinformanteperu.com\/?p=71672"},"modified":"2020-05-18T13:55:39","modified_gmt":"2020-05-18T18:55:39","slug":"cristiano-termina-la-cuarentena-y-podra-entrenar-a-partir-de-este-martes","status":"publish","type":"post","link":"https:\/\/elinformanteperu.com\/index.php\/2020\/05\/18\/cristiano-termina-la-cuarentena-y-podra-entrenar-a-partir-de-este-martes\/","title":{"rendered":"Cristiano termina la cuarentena y podr\u00e1 entrenar a partir de este martes"},"content":{"rendered":"<p><strong><span style=\"color: #000000;\">El portugu\u00e9s Cristiano Ronaldo, delantero del Juventus Tur\u00edn, termina los quince d\u00edas de cuarentena obligatoria despu\u00e9s de que regresara a Italia procedente de Madeira.<\/span><\/strong><\/p>\n<p><span style=\"color: #000000;\"><strong>Lima, 18 Mayo 2020, (ANDINA).-<\/strong> El portugu\u00e9s Cristiano Ronaldo, delantero del Juventus Tur\u00edn, termina los quince d\u00edas de cuarentena obligatoria despu\u00e9s de que regresara a Italia procedente de Madeira, por lo que podr\u00e1 entrenar, de forma individual, a partir de este martes en el centro deportivo de la Continassa.<\/span><\/p>\n<p><span style=\"color: #000000;\">Cristiano, que marc\u00f3 21 goles en la Serie A y 25 tantos totales en 32 partidos este a\u00f1o, pas\u00f3 la fase m\u00e1s aguda de la pandemia del coronavirus en Funchal, en el archipi\u00e9lago de Madeira, y regres\u00f3 a Tur\u00edn el 4 de mayo en su avi\u00f3n privado.<\/span><\/p>\n<p><span style=\"color: #000000;\">De acuerdo con la reglamentaci\u00f3n italiana, quienes regresan a sus residencias procedentes del extranjero deben permanecer dos semanas en cuarentena antes de poder salir libremente.<\/span><\/p>\n<p><span style=\"color: #000000;\">Para CR7, el aislamiento termina este lunes y, tras superar los pertinentes controles m\u00e9dicos, el luso tiene derecho a entrenar de forma individual en el centro deportivo del Juventus, a la espera de que el Gobierno italiano d\u00e9 el visto bueno al comienzo de los entrenamientos grupales.<\/span><\/p>\n<p><span style=\"color: #000000;\">Se esperaba que este lunes 18 de mayo pudiera ser el primer d\u00eda de entrenamientos en equipo, pero el Comit\u00e9 t\u00e9cnico cient\u00edfico todav\u00eda no ha validado las propuestas recibidas por la Liga de la Serie A sobre el protocolo sanitario.<\/span><\/p>\n<p><span style=\"color: #000000;\">El campeonato liguero italiano fue interrumpido el pasado 9 de marzo en la jornada 26, con el Juventus l\u00edder con un punto de ventaja sobre el Lazio, segundo, y nueve sobre el Inter de Mil\u00e1n.<\/span><\/p>\n<p><img fetchpriority=\"high\" decoding=\"async\" class=\"aligncenter size-full wp-image-66166\" src=\"http:\/\/elinformanteperu.com\/wp-content\/uploads\/2020\/03\/cristiano-ronaldo-coronavirus.jpg\" alt=\"\" width=\"1800\" height=\"1200\" srcset=\"https:\/\/elinformanteperu.com\/wp-content\/uploads\/2020\/03\/cristiano-ronaldo-coronavirus.jpg 1800w, https:\/\/elinformanteperu.com\/wp-content\/uploads\/2020\/03\/cristiano-ronaldo-coronavirus-300x200.jpg 300w, https:\/\/elinformanteperu.com\/wp-content\/uploads\/2020\/03\/cristiano-ronaldo-coronavirus-1024x683.jpg 1024w, https:\/\/elinformanteperu.com\/wp-content\/uploads\/2020\/03\/cristiano-ronaldo-coronavirus-768x512.jpg 768w, https:\/\/elinformanteperu.com\/wp-content\/uploads\/2020\/03\/cristiano-ronaldo-coronavirus-1536x1024.jpg 1536w, https:\/\/elinformanteperu.com\/wp-content\/uploads\/2020\/03\/cristiano-ronaldo-coronavirus-128x85.jpg 128w, https:\/\/elinformanteperu.com\/wp-content\/uploads\/2020\/03\/cristiano-ronaldo-coronavirus-32x21.jpg 32w\" sizes=\"(max-width: 1800px) 100vw, 1800px\" \/><\/p>\n","protected":false},"excerpt":{"rendered":"<p>El portugu\u00e9s Cristiano Ronaldo, delantero del Juventus Tur\u00edn, termina los quince d\u00edas de cuarentena obligatoria despu\u00e9s de que regresara a Italia procedente de Madeira. Lima, 18 Mayo 2020, (ANDINA).- El portugu\u00e9s Cristiano Ronaldo, delantero del Juventus Tur\u00edn, termina los quince d\u00edas de cuarentena obligatoria despu\u00e9s de que regresara a Italia procedente de Madeira, por lo [&hellip;]<\/p>\n","protected":false},"author":1,"featured_media":71673,"comment_status":"open","ping_status":"open","sticky":false,"template":"","format":"standard","meta":{"rop_custom_images_group":[],"rop_custom_messages_group":[],"rop_publish_now":"initial","rop_publish_now_accounts":[],"rop_publish_now_history":[],"rop_publish_now_status":"pending","footnotes":""},"categories":[8],"tags":[5236,5364,234,1417],"class_list":["post-71672","post","type-post","status-publish","format-standard","has-post-thumbnail","hentry","category-disciplinas-deportivas","tag-coronavirus","tag-covid-19","tag-cristiano-ronaldo","tag-juventus"],"_links":{"self":[{"href":"https:\/\/elinformanteperu.com\/index.php\/wp-json\/wp\/v2\/posts\/71672","targetHints":{"allow":["GET"]}}],"collection":[{"href":"https:\/\/elinformanteperu.com\/index.php\/wp-json\/wp\/v2\/posts"}],"about":[{"href":"https:\/\/elinformanteperu.com\/index.php\/wp-json\/wp\/v2\/types\/post"}],"author":[{"embeddable":true,"href":"https:\/\/elinformanteperu.com\/index.php\/wp-json\/wp\/v2\/users\/1"}],"replies":[{"embeddable":true,"href":"https:\/\/elinformanteperu.com\/index.php\/wp-json\/wp\/v2\/comments?post=71672"}],"version-history":[{"count":1,"href":"https:\/\/elinformanteperu.com\/index.php\/wp-json\/wp\/v2\/posts\/71672\/revisions"}],"predecessor-version":[{"id":71674,"href":"https:\/\/elinformanteperu.com\/index.php\/wp-json\/wp\/v2\/posts\/71672\/revisions\/71674"}],"wp:featuredmedia":[{"embeddable":true,"href":"https:\/\/elinformanteperu.com\/index.php\/wp-json\/wp\/v2\/media\/71673"}],"wp:attachment":[{"href":"https:\/\/elinformanteperu.com\/index.php\/wp-json\/wp\/v2\/media?parent=71672"}],"wp:term":[{"taxonomy":"category","embeddable":true,"href":"https:\/\/elinformanteperu.com\/index.php\/wp-json\/wp\/v2\/categories?post=71672"},{"taxonomy":"post_tag","embeddable":true,"href":"https:\/\/elinformanteperu.com\/index.php\/wp-json\/wp\/v2\/tags?post=71672"}],"curies":[{"name":"wp","href":"https:\/\/api.w.org\/{rel}","templated":true}]}}