{"id":71669,"date":"2020-05-18T13:35:21","date_gmt":"2020-05-18T18:35:21","guid":{"rendered":"http:\/\/elinformanteperu.com\/?p=71669"},"modified":"2020-05-18T13:35:21","modified_gmt":"2020-05-18T18:35:21","slug":"recomendaciones-para-que-ninos-con-transtorno-del-espectro-autista-tea-lleven-mejor-su-situacion-actual","status":"publish","type":"post","link":"https:\/\/elinformanteperu.com\/index.php\/2020\/05\/18\/recomendaciones-para-que-ninos-con-transtorno-del-espectro-autista-tea-lleven-mejor-su-situacion-actual\/","title":{"rendered":"Recomendaciones para que ni\u00f1os con transtorno del espectro autista (TEA) lleven mejor su situaci\u00f3n actual"},"content":{"rendered":"<p><strong><span style=\"color: #000000;\">En el marco del estreno de la segunda temporada Pablo, Nat Geo Kids se une a la Asociaci\u00f3n de Padres y Amigos de Personas con Autismo para apoyar a los ni\u00f1os y ni\u00f1as con TEA en el peculiar contexto actual.<\/span><\/strong><\/p>\n<p><span style=\"color: #000000;\"><strong>Lima, 17 Mayo 2020, (El Informante Per\u00fa).-<\/strong> A prop\u00f3sito del estreno de la segunda temporada de la serie Pablo a trav\u00e9s de la se\u00f1al de Nat Geo Kids, Marina Garc\u00eda, presidenta de la Asociaci\u00f3n de Padres y Amigos de Personas con Autismo (ASPAU PER\u00da) brinda recomendaciones para que los ni\u00f1os y ni\u00f1as con trastorno del espectro autista (TEA) puedan sobrellevar la cuarentena de la mejor manera posible:<\/span><\/p>\n<p><span style=\"color: #000000;\"><strong>1. Dosificar la cantidad y calidad de informaci\u00f3n que se recibe en casa.<\/strong> Es importante conversar con los ni\u00f1os y ni\u00f1as con TEA y brindarles informaci\u00f3n adecuada a su edad utilizando un lenguaje sencillo que les permita comprender la situaci\u00f3n. De esta manera, podr\u00e1n aplicar las medidas de higiene y prevenci\u00f3n en la rutina diaria. Para esto, es ideal que se usen materiales de apoyo como cuentos o dibujos que expliquen de una forma sencilla la propagaci\u00f3n del virus y la importancia de lavarse las manos y no salir de casa.<\/span><\/p>\n<p><span style=\"color: #000000;\"><strong>2. Mantener una rutina.<\/strong> Cuidar los horarios de sue\u00f1o, alimentaci\u00f3n, actividades educativas, de ejercicio y juego. Es importante conservar los h\u00e1bitos que los ni\u00f1os y ni\u00f1as con TEA ten\u00edan antes del confinamiento, puesto que los horarios definidos les aportan seguridad, claridad y anticipaci\u00f3n de los sucesos. Asimismo, estas rutinas ayudan a reducir la ansiedad y el estr\u00e9s que puede provocar exponerse a cambios bruscos en sus actividades.<\/span><\/p>\n<p><span style=\"color: #000000;\"><strong>3. Realizar juntos las tareas del hogar.<\/strong> Introducir dentro de la rutina diaria la realizaci\u00f3n de actividades del hogar que requieran concentraci\u00f3n mental. Al participar en la realizaci\u00f3n de tareas dom\u00e9sticas, los ni\u00f1os y ni\u00f1as con TEA tendr\u00e1n la sensaci\u00f3n de logro que los alentar\u00e1 a repetir estas labores por iniciativa propia.<\/span><\/p>\n<p><span style=\"color: #000000;\"><strong>4. Las ni\u00f1as y ni\u00f1os reaccionar\u00e1n al estr\u00e9s seg\u00fan c\u00f3mo respondan sus padres o cuidadores.<\/strong> La forma en la que los cuidadores manejan los niveles de estr\u00e9s provocados por el confinamiento impacta directamente sobre los menores con autismo. Por ello, es importante que los adultos mantengan y transmitan la mayor tranquilidad posible, aprendiendo a canalizar sus emociones.<\/span><\/p>\n<p><span style=\"color: #000000;\">Para m\u00e1s informaci\u00f3n acerca de c\u00f3mo contribuir a las necesidades de los estudiantes con TEA dentro de la situaci\u00f3n actual, se puede acceder a la nota \u201cT\u00e9cnicas de ense\u00f1anza en el hogar para los padres de ni\u00f1os con el trastorno del espectro autista\u201d, publicada en el sitio de National Geographic.<\/span><\/p>\n<p><iframe title=\"Pablo - Canci\u00f3n de apertura - Nat Geo Kids\" width=\"615\" height=\"346\" src=\"https:\/\/www.youtube.com\/embed\/HZJeRV5R92M?feature=oembed\" frameborder=\"0\" allow=\"accelerometer; autoplay; clipboard-write; encrypted-media; gyroscope; picture-in-picture; web-share\" referrerpolicy=\"strict-origin-when-cross-origin\" allowfullscreen><\/iframe><\/p>\n","protected":false},"excerpt":{"rendered":"<p>En el marco del estreno de la segunda temporada Pablo, Nat Geo Kids se une a la Asociaci\u00f3n de Padres y Amigos de Personas con Autismo para apoyar a los ni\u00f1os y ni\u00f1as con TEA en el peculiar contexto actual. Lima, 17 Mayo 2020, (El Informante Per\u00fa).- A prop\u00f3sito del estreno de la segunda temporada [&hellip;]<\/p>\n","protected":false},"author":1,"featured_media":71670,"comment_status":"open","ping_status":"open","sticky":false,"template":"","format":"standard","meta":{"rop_custom_images_group":[],"rop_custom_messages_group":[],"rop_publish_now":"initial","rop_publish_now_accounts":[],"rop_publish_now_history":[],"rop_publish_now_status":"pending","footnotes":""},"categories":[21],"tags":[2915,5645,5661],"class_list":["post-71669","post","type-post","status-publish","format-standard","has-post-thumbnail","hentry","category-orientacion","tag-nat-geo-kids","tag-pablo","tag-tea"],"_links":{"self":[{"href":"https:\/\/elinformanteperu.com\/index.php\/wp-json\/wp\/v2\/posts\/71669","targetHints":{"allow":["GET"]}}],"collection":[{"href":"https:\/\/elinformanteperu.com\/index.php\/wp-json\/wp\/v2\/posts"}],"about":[{"href":"https:\/\/elinformanteperu.com\/index.php\/wp-json\/wp\/v2\/types\/post"}],"author":[{"embeddable":true,"href":"https:\/\/elinformanteperu.com\/index.php\/wp-json\/wp\/v2\/users\/1"}],"replies":[{"embeddable":true,"href":"https:\/\/elinformanteperu.com\/index.php\/wp-json\/wp\/v2\/comments?post=71669"}],"version-history":[{"count":1,"href":"https:\/\/elinformanteperu.com\/index.php\/wp-json\/wp\/v2\/posts\/71669\/revisions"}],"predecessor-version":[{"id":71671,"href":"https:\/\/elinformanteperu.com\/index.php\/wp-json\/wp\/v2\/posts\/71669\/revisions\/71671"}],"wp:featuredmedia":[{"embeddable":true,"href":"https:\/\/elinformanteperu.com\/index.php\/wp-json\/wp\/v2\/media\/71670"}],"wp:attachment":[{"href":"https:\/\/elinformanteperu.com\/index.php\/wp-json\/wp\/v2\/media?parent=71669"}],"wp:term":[{"taxonomy":"category","embeddable":true,"href":"https:\/\/elinformanteperu.com\/index.php\/wp-json\/wp\/v2\/categories?post=71669"},{"taxonomy":"post_tag","embeddable":true,"href":"https:\/\/elinformanteperu.com\/index.php\/wp-json\/wp\/v2\/tags?post=71669"}],"curies":[{"name":"wp","href":"https:\/\/api.w.org\/{rel}","templated":true}]}}