{"id":71467,"date":"2020-05-15T21:00:40","date_gmt":"2020-05-16T02:00:40","guid":{"rendered":"http:\/\/elinformanteperu.com\/?p=71467"},"modified":"2020-05-15T21:00:40","modified_gmt":"2020-05-16T02:00:40","slug":"camara-de-transporte-urbano-ley-que-formaliza-el-taxi-colectivo-es-un-retroceso","status":"publish","type":"post","link":"https:\/\/elinformanteperu.com\/index.php\/2020\/05\/15\/camara-de-transporte-urbano-ley-que-formaliza-el-taxi-colectivo-es-un-retroceso\/","title":{"rendered":"C\u00e1mara de Transporte Urbano: Ley que formaliza el taxi colectivo es un retroceso"},"content":{"rendered":"<p><strong><span style=\"color: #000000;\">El proyecto de ley que formaliza el taxi colectivo, aprobado ayer en el Congreso, es un retroceso en los esfuerzos conjuntos que despliega el pa\u00eds.<\/span><\/strong><\/p>\n<p><span style=\"color: #000000;\"><strong>Lima, 15 Mayo 2020, (ANDINA).-<\/strong> El proyecto de ley que formaliza el taxi colectivo, aprobado ayer en el Congreso, es un retroceso en los esfuerzos conjuntos que despliega el pa\u00eds para garantizar un transporte de calidad, seguridad y salubridad para los peruanos.<\/span><\/p>\n<p><span style=\"color: #000000;\">As\u00ed lo manifest\u00f3 hoy la C\u00e1mara de Transporte Urbano (CTU), mediante un comunicado que llama a la reflexi\u00f3n \u201ccuando se discutan pol\u00edticas que van a afectar a millones de personas\u201d.<\/span><\/p>\n<p><span style=\"color: #000000;\">El transporte de calidad es uno de los principales indicadores de desarrollo de un pa\u00eds, precisa la CTU, al enfatizar que la referida iniciativa legislativa \u201ces un retroceso en los esfuerzos conjuntos que se hacen desde el sector privado y el Estado\u201d para asegurar un transporte de calidad.<\/span><\/p>\n<p><span style=\"color: #000000;\">En el contexto de la pandemia del covid-19, una de las principales observaciones a esta norma es que los veh\u00edculos que ofrecen servicio de taxi colectivo no pueden garantizar la distancia social m\u00ednima entre pasajeros, requisito fundamental para aminorar el riesgo de contagios de coronavirus.<\/span><\/p>\n<p><strong><span style=\"color: #000000;\">Reuni\u00f3n con la ATU<\/span><\/strong><\/p>\n<p><span style=\"color: #000000;\">El presidente de la c\u00e1mara, Ricardo Pareja, manifest\u00f3 que su gremio respalda la \u201calianza entre el Estado y el sector privado para sacar adelante una reforma integral del transporte\u201d.<\/span><\/p>\n<p><span style=\"color: #000000;\">Al respecto, el directivo consider\u00f3 que fue \u201cmuy positiva\u201d la reuni\u00f3n que sostuvo hoy con la presidenta de la Autoridad de Transporte Urbano para Lima y Callao (ATU), Mar\u00eda Jara.<\/span><\/p>\n<p><span style=\"color: #000000;\">\u201cEs una muestra de la apertura del Gobierno y de que el di\u00e1logo es el \u00fanico camino para alcanzar una soluci\u00f3n compartida y que responda a la demanda ciudadana\u201d, coment\u00f3 Pareja.<\/span><\/p>\n<p><strong><span style=\"color: #000000;\">Propuestas<\/span><\/strong><\/p>\n<p><span style=\"color: #000000;\">La CTU propuso iniciativas para lograr mejoras concretas en el transporte urbano, como el uso de cabinas acr\u00edlicas para aislar al chofer, un sistema de recaudaci\u00f3n electr\u00f3nica que evite el uso de monedas y billetes en el pago de pasajes y se\u00f1alizaci\u00f3n para garantizar la distancia social entre pasajeros.<\/span><\/p>\n<p><span style=\"color: #000000;\">Asimismo, el gremio plante\u00f3 que todo veh\u00edculo se someta a una desinfecci\u00f3n total al t\u00e9rmino de cada viaje.<\/span><\/p>\n<p><span style=\"color: #000000;\">Para garantizar la sostenibilidad del servicio de transporte se hace necesaria la moratoria para las deudas contra\u00eddas en el sistema financiero por la compra de buses que mejoran los servicios de transporte, detalla el comunicado.<\/span><\/p>\n","protected":false},"excerpt":{"rendered":"<p>El proyecto de ley que formaliza el taxi colectivo, aprobado ayer en el Congreso, es un retroceso en los esfuerzos conjuntos que despliega el pa\u00eds. Lima, 15 Mayo 2020, (ANDINA).- El proyecto de ley que formaliza el taxi colectivo, aprobado ayer en el Congreso, es un retroceso en los esfuerzos conjuntos que despliega el pa\u00eds [&hellip;]<\/p>\n","protected":false},"author":1,"featured_media":71468,"comment_status":"open","ping_status":"open","sticky":false,"template":"","format":"standard","meta":{"rop_custom_images_group":[],"rop_custom_messages_group":[],"rop_publish_now":"initial","rop_publish_now_accounts":[],"rop_publish_now_history":[],"rop_publish_now_status":"pending","footnotes":""},"categories":[10],"tags":[5422,5654,192,4497],"class_list":["post-71467","post","type-post","status-publish","format-standard","has-post-thumbnail","hentry","category-actualidad-municipal","tag-atu","tag-camara-de-transporte-urbano","tag-congreso","tag-maria-jara"],"_links":{"self":[{"href":"https:\/\/elinformanteperu.com\/index.php\/wp-json\/wp\/v2\/posts\/71467","targetHints":{"allow":["GET"]}}],"collection":[{"href":"https:\/\/elinformanteperu.com\/index.php\/wp-json\/wp\/v2\/posts"}],"about":[{"href":"https:\/\/elinformanteperu.com\/index.php\/wp-json\/wp\/v2\/types\/post"}],"author":[{"embeddable":true,"href":"https:\/\/elinformanteperu.com\/index.php\/wp-json\/wp\/v2\/users\/1"}],"replies":[{"embeddable":true,"href":"https:\/\/elinformanteperu.com\/index.php\/wp-json\/wp\/v2\/comments?post=71467"}],"version-history":[{"count":1,"href":"https:\/\/elinformanteperu.com\/index.php\/wp-json\/wp\/v2\/posts\/71467\/revisions"}],"predecessor-version":[{"id":71469,"href":"https:\/\/elinformanteperu.com\/index.php\/wp-json\/wp\/v2\/posts\/71467\/revisions\/71469"}],"wp:featuredmedia":[{"embeddable":true,"href":"https:\/\/elinformanteperu.com\/index.php\/wp-json\/wp\/v2\/media\/71468"}],"wp:attachment":[{"href":"https:\/\/elinformanteperu.com\/index.php\/wp-json\/wp\/v2\/media?parent=71467"}],"wp:term":[{"taxonomy":"category","embeddable":true,"href":"https:\/\/elinformanteperu.com\/index.php\/wp-json\/wp\/v2\/categories?post=71467"},{"taxonomy":"post_tag","embeddable":true,"href":"https:\/\/elinformanteperu.com\/index.php\/wp-json\/wp\/v2\/tags?post=71467"}],"curies":[{"name":"wp","href":"https:\/\/api.w.org\/{rel}","templated":true}]}}