{"id":71342,"date":"2020-05-14T19:18:56","date_gmt":"2020-05-15T00:18:56","guid":{"rendered":"http:\/\/elinformanteperu.com\/?p=71342"},"modified":"2020-05-14T19:18:56","modified_gmt":"2020-05-15T00:18:56","slug":"traslado-humanitario-mas-de-200000-personas-piden-retornar-a-sus-regiones","status":"publish","type":"post","link":"https:\/\/elinformanteperu.com\/index.php\/2020\/05\/14\/traslado-humanitario-mas-de-200000-personas-piden-retornar-a-sus-regiones\/","title":{"rendered":"Traslado humanitario: m\u00e1s de 200,000 personas piden retornar a sus regiones"},"content":{"rendered":"<p><strong><span style=\"color: #000000;\">Alrededor de 220,000 personas se ha empadronado para retornar desde Lima a su lugar de origen, ya que los sorprendi\u00f3 el estado de emergencia decretado para enfrentar el coronavirus.<\/span><\/strong><\/p>\n<p><span style=\"color: #000000;\"><strong>Lima, 14 Mayo 2020, (ANDINA).-<\/strong> Alrededor de 220,000 personas se ha empadronado para retornar desde Lima a su lugar de origen, ya que los sorprendi\u00f3 el estado de emergencia decretado para enfrentar el coronavirus, manifest\u00f3 la ministra del Ambiente, Fabiola Mu\u00f1oz, quien recalc\u00f3 que el traslado humanitario debe ser ordenado y gradual.<\/span><\/p>\n<p><span style=\"color: #000000;\">La gente debe entender- dijo- que no pueden movilizarse 10,000 o 20,000 personas en un d\u00eda, por lo que se est\u00e1 coordinando con las organizaciones de los mismos retornantes y los gobiernos regionales; y a los que ya no pueden sostenerse en la capital les brindamos alojamiento, alimentaci\u00f3n y determinamos si cumplen la cuarentena en Lima o en su regi\u00f3n.<\/span><\/p>\n<p><span style=\"color: #000000;\">\u201cEl proceso de retorno se va ir dando conforme las personas vaya perdiendo sus medios de subsistencia a causa de la pandemia del covid 19, y estamos luchando para que eso no suceda a trav\u00e9s de los bonos, el pr\u00f3ximo funcionamiento de los comedores populares y otros beneficios. Los apoyamos para que vuelvan a sus regiones donde tienen mejores condiciones\u201d, expres\u00f3 a Radio Nacional.<\/span><\/p>\n<p><span style=\"color: #000000;\">La ministra tambi\u00e9n mencion\u00f3 que se han identificado varias razones por las cuales los conciudadanos desean regresar a su residencia habitual: la primera es que estaban de tr\u00e1nsito por la ciudad de Lima, por un tema m\u00e9dico o administrativo, y la inmovilizaci\u00f3n les impidi\u00f3 retornar.<\/span><\/p>\n<p><span style=\"color: #000000;\">Otros grupos son los estudiantes universitarios que trabajaban para pagar su habitaci\u00f3n y viv\u00edan de encomiendas que sus padres les enviaban, pero ya no pueden recibirla; y los trabajadores eventuales (ven\u00edan tres meses en el verano hasta que empezara la campa\u00f1a agr\u00edcola en su tierra).<\/span><\/p>\n<p><span style=\"color: #000000;\">A ellos se suman los que ya se hab\u00edan establecido en Lima, pero perdieron su trabajo informal y ahora no tienen los medios ni pagar el alquiler; adem\u00e1s de lo que tienen casa en la capital de la Rep\u00fablica, pero prefieren pasar la cuarentena en su regi\u00f3n, ante el temor de perder las condiciones que hoy poseen.<\/span><\/p>\n<p><span style=\"color: #000000;\">\u201cEntonces, se ha pedido a los gobiernos regionales que hagan la identificaci\u00f3n de los m\u00e1s vulnerables para ir efectuando el traslado ordenado, que cuenta con el apoyo del Instituto Nacional de Defensa Civil (Indeci), Presidencia del Consejo de Ministros, Polic\u00eda Nacional y las Fuerzas Armadas\u201d, puntualiz\u00f3.<\/span><\/p>\n<p><span style=\"color: #000000;\">La ministra Mu\u00f1oz coment\u00f3, asimismo, que hay casos humanitarios que necesitan retornar de manera urgente, pero no es la forma adecuada volcarse a las carreteras porque ponen en riesgo su salud: \u201cYa han dado a luz tres mujeres en los albergues, imag\u00ednense si el parto se hubiese dado en la carretera\u201d, finaliz\u00f3.<\/span><\/p>\n","protected":false},"excerpt":{"rendered":"<p>Alrededor de 220,000 personas se ha empadronado para retornar desde Lima a su lugar de origen, ya que los sorprendi\u00f3 el estado de emergencia decretado para enfrentar el coronavirus. Lima, 14 Mayo 2020, (ANDINA).- Alrededor de 220,000 personas se ha empadronado para retornar desde Lima a su lugar de origen, ya que los sorprendi\u00f3 el [&hellip;]<\/p>\n","protected":false},"author":1,"featured_media":71343,"comment_status":"open","ping_status":"open","sticky":false,"template":"","format":"standard","meta":{"rop_custom_images_group":[],"rop_custom_messages_group":[],"rop_publish_now":"initial","rop_publish_now_accounts":[],"rop_publish_now_history":[],"rop_publish_now_status":"pending","footnotes":""},"categories":[10],"tags":[5236,5364,3313,148,368,367],"class_list":["post-71342","post","type-post","status-publish","format-standard","has-post-thumbnail","hentry","category-actualidad-municipal","tag-coronavirus","tag-covid-19","tag-fabiola-munoz","tag-indeci","tag-minam","tag-ministerio-del-ambiente"],"_links":{"self":[{"href":"https:\/\/elinformanteperu.com\/index.php\/wp-json\/wp\/v2\/posts\/71342","targetHints":{"allow":["GET"]}}],"collection":[{"href":"https:\/\/elinformanteperu.com\/index.php\/wp-json\/wp\/v2\/posts"}],"about":[{"href":"https:\/\/elinformanteperu.com\/index.php\/wp-json\/wp\/v2\/types\/post"}],"author":[{"embeddable":true,"href":"https:\/\/elinformanteperu.com\/index.php\/wp-json\/wp\/v2\/users\/1"}],"replies":[{"embeddable":true,"href":"https:\/\/elinformanteperu.com\/index.php\/wp-json\/wp\/v2\/comments?post=71342"}],"version-history":[{"count":1,"href":"https:\/\/elinformanteperu.com\/index.php\/wp-json\/wp\/v2\/posts\/71342\/revisions"}],"predecessor-version":[{"id":71344,"href":"https:\/\/elinformanteperu.com\/index.php\/wp-json\/wp\/v2\/posts\/71342\/revisions\/71344"}],"wp:featuredmedia":[{"embeddable":true,"href":"https:\/\/elinformanteperu.com\/index.php\/wp-json\/wp\/v2\/media\/71343"}],"wp:attachment":[{"href":"https:\/\/elinformanteperu.com\/index.php\/wp-json\/wp\/v2\/media?parent=71342"}],"wp:term":[{"taxonomy":"category","embeddable":true,"href":"https:\/\/elinformanteperu.com\/index.php\/wp-json\/wp\/v2\/categories?post=71342"},{"taxonomy":"post_tag","embeddable":true,"href":"https:\/\/elinformanteperu.com\/index.php\/wp-json\/wp\/v2\/tags?post=71342"}],"curies":[{"name":"wp","href":"https:\/\/api.w.org\/{rel}","templated":true}]}}